{"id":3081,"date":"2007-08-16T17:31:24","date_gmt":"2007-08-16T14:31:24","guid":{"rendered":"http:\/\/www.altso.org.tr\/genel\/alanya-il-olmaya-hazir\/"},"modified":"2007-08-16T17:31:24","modified_gmt":"2007-08-16T14:31:24","slug":"alanya-il-olmaya-hazir","status":"publish","type":"post","link":"https:\/\/www.altso.org.tr\/en\/genel\/alanya-il-olmaya-hazir\/","title":{"rendered":"ALANYA \u0130L OLMAYA HAZIR"},"content":{"rendered":"<p><strong>ALANYANIN \u0130L YAPILMASINA \u0130L\u0130\u015eK\u0130N \u00c7ALI\u015eMALAR KAPSAMINDA HAZIRLANAN\u00a0 &#8220;\u0130L K\u0130TABI&#8221;\u00a0 TANITILDI<br \/>  <\/strong><br \/>  Alanyan\u0131n il yap\u0131lmas\u0131n\u0131 sa\u011flamak amac\u0131yla Alanyada Odam\u0131z dahil baz\u0131 sivil toplum \u00f6rg\u00fctleri taraf\u0131ndan, Alanya \u0130l Olmaya Haz\u0131r adl\u0131 kitap bast\u0131r\u0131ld\u0131.<\/p>\n<div class=\"clearfix\"><\/div>\n<div class=\"spacer\"><\/div>\n<p>Alanyan\u0131n il yap\u0131lmas\u0131n\u0131 sa\u011flamak amac\u0131yla Alanyada Odam\u0131z dahil baz\u0131 sivil toplum \u00f6rg\u00fctleri taraf\u0131ndan, Alanya \u0130l Olmaya Haz\u0131r adl\u0131 kitap bast\u0131r\u0131ld\u0131.<\/p>\n<p>  Alanya \u0130l Yapt\u0131rma ve Ya\u015fatma Derne\u011fi Ba\u015fkan\u0131 Mustafa Kahya, kitab\u0131n bas\u0131m\u0131n\u0131 sa\u011flayan Odam\u0131z (ALTSO), Alanya Mimarlar Odas\u0131 ve Alanya Belediyesi \u0130l Yapt\u0131rma Komisyonu ba\u015fkanlar\u0131yla birlikte bas\u0131n toplant\u0131s\u0131 d\u00fczenleyerek kitab\u0131 tan\u0131tt\u0131.       Toplant\u0131da konu\u015fan Mustafa Kahya, kitaptaki verilerin, Alanyan\u0131n il olmas\u0131 gereklili\u011fini net olarak ortaya koydu\u011funu s\u00f6yledi. Kitab\u0131n bas\u0131lmas\u0131n\u0131 sa\u011flayanlara te\u015fekk\u00fcr eden Kahya, Alanyan\u0131n bir an \u00f6nce il yap\u0131lmas\u0131 i\u00e7in il\u00e7ede herkesin elinden gelen katk\u0131y\u0131 sa\u011flad\u0131\u011f\u0131n\u0131, bunun da kamuoyu olu\u015fturma a\u00e7\u0131s\u0131ndan etkili oldu\u011funu bildirdi.       Kitapta, Alanyan\u0131n co\u011frafi konumundan ekonomisine, sosyal etkinliklerinden, altyap\u0131s\u0131na, sahip oldu\u011fu de\u011ferlerden ihtiya\u00e7lar\u0131na kadar her t\u00fcrl\u00fc unsurun k\u0131yaslamal\u0131 olarak anlat\u0131ld\u0131\u011f\u0131n\u0131 belirten Kahya, Bu kitap, Alanyan\u0131n il yap\u0131lmas\u0131n\u0131n zorunlu oldu\u011funu net bir \u015fekilde ortaya koyuyor dedi.       Oda Ba\u015fkan\u0131m\u0131z Kerim Ta\u00e7 da kitab\u0131n, 4 ayl\u0131k bir \u00e7al\u0131\u015fma sonucunda ortaya \u00e7\u0131kar\u0131ld\u0131\u011f\u0131n\u0131 anlatarak, Bu kitapta Alanyan\u0131n il olmaya neden ve nas\u0131l haz\u0131r oldu\u011funu ortaya koyduk. Bu kitab\u0131, ilgili t\u00fcm yetkililere g\u00f6ndererek, Alanyan\u0131n il olmas\u0131n\u0131n \u00f6nemini anlamalar\u0131n\u0131 sa\u011flayaca\u011f\u0131z dedi.       Alanyada hem ekonomik hem de hem sosyal anlamda h\u0131zl\u0131 bir b\u00fcy\u00fcme oldu\u011funu belirten Ta\u00e7, il\u00e7enin a\u015f\u0131r\u0131 g\u00f6\u00e7 ald\u0131\u011f\u0131n\u0131 bu nedenle de b\u00fcy\u00fcme h\u0131z\u0131n\u0131n T\u00fcrkiye ortalamas\u0131n\u0131n \u00fczerinde oldu\u011funu s\u00f6yledi. Kerim Ta\u00e7, Alanya art\u0131k potansiyel olarak zaten bir il g\u00f6r\u00fcn\u00fcm\u00fcnde. Ama il\u00e7e ko\u015fullar\u0131 ile y\u00f6netiliyor. Bu da, kentin sa\u011fl\u0131kl\u0131 geli\u015fimini \u00f6nl\u00fcyor. \u0130l potansiyeline sahip Alanyan\u0131n il stat\u00fcs\u00fcyle y\u00f6netilmesinin zaman\u0131 \u00e7oktan geldi diye konu\u015ftu.       Mimarlar Odas\u0131 Alanya \u015eubesi Ba\u015fkan\u0131 Burhan Taneri de Alanyan\u0131n, muhtemel il\u00e7elerini de i\u00e7ine alacak bir havza \u015feklinde yeniden planlanmas\u0131 gerekti\u011fini s\u00f6yledi. Mevcut plan\u0131n yetersiz kald\u0131\u011f\u0131n\u0131 bildiren Taneri, yeni planlaman\u0131n, kent gereksinimlerine g\u00f6re ger\u00e7ekle\u015ftirilmesi gerekti\u011fini kaydetti.       ALANYA \u0130L OLMAYA HAZIR-       Alanya \u0130l Olmaya Haz\u0131r adl\u0131 kitapta, il\u00e7enin tarih\u00e7esinden ba\u015flanarak, bug\u00fcnk\u00fc durumu detayl\u0131 bi\u00e7imde anlat\u0131l\u0131yor. Kitab\u0131n ilk b\u00f6l\u00fcm\u00fcnde, Alanyan\u0131n 1221 y\u0131l\u0131nda Alaaddin Keykubat taraf\u0131ndan k\u0131\u015fl\u0131k ba\u015fkent ilan edildi\u011fi belirtiliyor. <br \/>  Alanyan\u0131n, muhtemel il\u00e7eleri ile birlikte 4 bin 682 metrekare y\u00fcz\u00f6l\u00e7\u00fcm\u00fcne sahip oldu\u011fu belirtilen kitapta, Gazipa\u015fa, G\u00fcndo\u011fmu\u015f ve Sar\u0131veliler, muhtemel il\u00e7eler aras\u0131nda g\u00f6steriliyor. <br \/>  Antalyaya uzakl\u0131\u011f\u0131 da vurgulanan kitapta, 510 kilometrelik Akdeniz sahilindeki tek ilin Antalya olmas\u0131n\u0131n, Alanyan\u0131n da il olmas\u0131n\u0131 ka\u00e7\u0131n\u0131lmaz hale getirdi\u011fi vurgulan\u0131yor. <br \/>  N\u00fcfusunun 36 ilden daha b\u00fcy\u00fck oldu\u011fu vurgulanan Alanyan\u0131n, turizm gelirlerindeki pay\u0131, yatak kapasitesi, \u00f6dedi\u011fi vergiler ve tar\u0131m girdileri nedeniyle il\u00e7enin il olmay\u0131 hak etti\u011fi vurgulan\u0131yor. <br \/>  Mevcut altyap\u0131 yat\u0131r\u0131mlar\u0131, kamu kurumlar\u0131n\u0131n durumlar\u0131 ve personel say\u0131lar\u0131 ile Alanya n\u00fcfusu aras\u0131ndaki oranlar\u0131n tek tek anlat\u0131ld\u0131\u011f\u0131 kitapta, emlak sekt\u00f6r\u00fcndeki b\u00fcy\u00fcme ve il\u00e7eye yabanc\u0131lar\u0131n ilgisi rakamlarla ortaya konulurken, il\u00e7ede yap\u0131lan ulusal ve uluslararas\u0131<\/p>\n","protected":false},"excerpt":{"rendered":"<p>ALANYANIN \u0130L YAPILMASINA \u0130L\u0130\u015eK\u0130N \u00c7ALI\u015eMALAR KAPSAMINDA HAZIRLANAN\u00a0 &#8220;\u0130L K\u0130TABI&#8221;\u00a0 TANITILDI Alanyan\u0131n il yap\u0131lmas\u0131n\u0131 sa\u011flamak amac\u0131yla Alanyada Odam\u0131z dahil baz\u0131 sivil toplum \u00f6rg\u00fctleri taraf\u0131ndan, Alanya \u0130l Olmaya Haz\u0131r adl\u0131 kitap bast\u0131r\u0131ld\u0131.<\/p>\n","protected":false},"author":1,"featured_media":0,"comment_status":"closed","ping_status":"closed","sticky":false,"template":"","format":"standard","meta":{"footnotes":""},"categories":[1],"tags":[],"class_list":["post-3081","post","type-post","status-publish","format-standard","hentry","category-genel"],"_links":{"self":[{"href":"https:\/\/www.altso.org.tr\/en\/wp-json\/wp\/v2\/posts\/3081","targetHints":{"allow":["GET"]}}],"collection":[{"href":"https:\/\/www.altso.org.tr\/en\/wp-json\/wp\/v2\/posts"}],"about":[{"href":"https:\/\/www.altso.org.tr\/en\/wp-json\/wp\/v2\/types\/post"}],"author":[{"embeddable":true,"href":"https:\/\/www.altso.org.tr\/en\/wp-json\/wp\/v2\/users\/1"}],"replies":[{"embeddable":true,"href":"https:\/\/www.altso.org.tr\/en\/wp-json\/wp\/v2\/comments?post=3081"}],"version-history":[{"count":0,"href":"https:\/\/www.altso.org.tr\/en\/wp-json\/wp\/v2\/posts\/3081\/revisions"}],"wp:attachment":[{"href":"https:\/\/www.altso.org.tr\/en\/wp-json\/wp\/v2\/media?parent=3081"}],"wp:term":[{"taxonomy":"category","embeddable":true,"href":"https:\/\/www.altso.org.tr\/en\/wp-json\/wp\/v2\/categories?post=3081"},{"taxonomy":"post_tag","embeddable":true,"href":"https:\/\/www.altso.org.tr\/en\/wp-json\/wp\/v2\/tags?post=3081"}],"curies":[{"name":"wp","href":"https:\/\/api.w.org\/{rel}","templated":true}]}}