{"id":3083,"date":"2007-09-07T15:40:19","date_gmt":"2007-09-07T12:40:19","guid":{"rendered":"http:\/\/www.altso.org.tr\/genel\/tacdan-gazipasa-havalimani-tesekkuru\/"},"modified":"2007-09-07T15:40:19","modified_gmt":"2007-09-07T12:40:19","slug":"tacdan-gazipasa-havalimani-tesekkuru","status":"publish","type":"post","link":"https:\/\/www.altso.org.tr\/en\/genel\/tacdan-gazipasa-havalimani-tesekkuru\/","title":{"rendered":"TA\u00c7&#8217;DAN GAZ\u0130PA\u015eA HAVAL\u0130MANI TE\u015eEKK\u00dcR\u00dc"},"content":{"rendered":"<p><b>GAZ\u0130PA\u015eA HAVAL\u0130MANI \u0130LE \u0130LG\u0130L\u0130 \u0130HALE S\u00dcREC\u0130NDE EME\u011e\u0130 GE\u00c7EN HERKESE TE\u015eEKK\u00dcR ED\u0130YORUZ<\/b><\/p>\n<p>  Odam\u0131z Y\u00f6netim Kurulu Ba\u015fkan\u0131 Kerim TA\u00c7, b\u00f6lgemizin en \u00f6nemli sorunlar\u0131ndan birisi olan havaliman\u0131 ihtiyac\u0131n\u0131n \u00e7\u00f6z\u00fcm\u00fc konusunda, y\u0131llard\u0131r umut ba\u011flad\u0131\u011f\u0131m\u0131z projenin&#8230;<\/p>\n<div class=\"clearfix\"><\/div>\n<div class=\"spacer\"><\/div>\n<p>Odam\u0131z Y\u00f6netim Kurulu Ba\u015fkan\u0131 Kerim TA\u00c7, b\u00f6lgemizin en \u00f6nemli sorunlar\u0131ndan birisi olan havaliman\u0131 ihtiyac\u0131n\u0131n \u00e7\u00f6z\u00fcm\u00fc konusunda, y\u0131llard\u0131r umut ba\u011flad\u0131\u011f\u0131m\u0131z projenin hayata ge\u00e7irilecek olmas\u0131n\u0131n son derece sevindirici oldu\u011funu vurgulayarak, bu yat\u0131r\u0131m\u0131n bir an evvel hayata ge\u00e7erek hizmete haz\u0131r hale gelmesini temenni ettiklerini belirtti <\/p>\n<p>  Alanya -Gazipa\u015fa Havaalan\u0131n\u0131n 5335 say\u0131l\u0131 kanunun kapsam\u0131nda kiralanmak suretiyle i\u015fletilmesine ili\u015fkin ihalesinin, Devlet Hava Meydanlar\u0131 \u0130\u015fletmesi Genel M\u00fcd\u00fcrl\u00fc\u011f\u00fc (DHM\u0130) taraf\u0131ndan 31.08.2007 tarihinde yap\u0131larak, y\u0131ll\u0131k 50 bin dolar kira ve KDV ile kar\u0131n\u0131n y\u00fczde 65\u2019ini devlete verme teklifiyle TAV Havalimanlar\u0131 Holding A.\u015e nin kazanmas\u0131 Ba\u015fta Alanya ve Gazipa\u015fa olmak \u00fczere t\u00fcm b\u00f6lgede sevin\u00e7le kar\u015f\u0131land\u0131.\u00a0 <\/p>\n<p>  Konu ile ilgili bir a\u00e7\u0131klama yapan Odam\u0131z Y\u00f6netim Kurulu Ba\u015fkan\u0131 Kerim TA\u00c7, b\u00f6lgemizin en \u00f6nemli sorunlar\u0131ndan birisi olan havaliman\u0131 ihtiyac\u0131n\u0131n \u00e7\u00f6z\u00fcm\u00fc konusunda, y\u0131llard\u0131r umut ba\u011flad\u0131\u011f\u0131m\u0131z projenin hayata ge\u00e7irilecek olmas\u0131n\u0131n son derece sevindirici oldu\u011funu vurgulayarak, bu yat\u0131r\u0131m\u0131n bir an evvel hayata ge\u00e7erek hizmete haz\u0131r hale gelmesini temenni ettiklerini belirtti.<\/p>\n<p>  TA\u00c7, a\u00e7\u0131klamas\u0131nda konunun uzun s\u00fcredir Oda olarak da takip\u00e7isi olduklar\u0131 bir konu oldu\u011funun alt\u0131n\u0131 \u00e7izerek, gerek yat\u0131r\u0131m ve gerekse ihale s\u00fcrecinin sonu\u00e7lanmas\u0131nda yo\u011fun \u00e7aba ve katk\u0131lar\u0131 olan ba\u015fta AK Parti H\u00fck\u00fcmeti, Ula\u015ft\u0131rma Bakanl\u0131\u011f\u0131, B\u00f6lgemiz Milletvekilleri ve \u0130l\u00e7e te\u015fkilat\u0131 olmak \u00fczere eme\u011fi ge\u00e7en herkese, Odam\u0131z camias\u0131 ve B\u00f6lge ad\u0131na te\u015fekk\u00fcr ve takdirlerini sundu\u011funu ifade etti. An\u0131lan havaliman\u0131n\u0131n daha \u00f6nce de ihaleye \u00e7\u0131kt\u0131\u011f\u0131n\u0131 ancak talipli \u00e7\u0131kmamas\u0131 nedeni ile iptal edildi\u011fini de hat\u0131rlatan Odam\u0131z ba\u015fkan\u0131 Kerim TA\u00c7, bu ihaleye birisi b\u00f6lgemiz firmas\u0131 olmak \u00fczere alt\u0131 firman\u0131n talip olmas\u0131n\u0131n da son derece sevindirici oldu\u011funu ve bu a\u015famada ihaleye kat\u0131lan AYDO\u011eAN A.\u015e firmas\u0131na da ayr\u0131ca te\u015fekk\u00fcr etti\u011fini belirtti.<\/p>\n","protected":false},"excerpt":{"rendered":"<p>GAZ\u0130PA\u015eA HAVAL\u0130MANI \u0130LE \u0130LG\u0130L\u0130 \u0130HALE S\u00dcREC\u0130NDE EME\u011e\u0130 GE\u00c7EN HERKESE TE\u015eEKK\u00dcR ED\u0130YORUZ Odam\u0131z Y\u00f6netim Kurulu Ba\u015fkan\u0131 Kerim TA\u00c7, b\u00f6lgemizin en \u00f6nemli sorunlar\u0131ndan birisi olan havaliman\u0131 ihtiyac\u0131n\u0131n \u00e7\u00f6z\u00fcm\u00fc konusunda, y\u0131llard\u0131r umut ba\u011flad\u0131\u011f\u0131m\u0131z projenin&#8230;<\/p>\n","protected":false},"author":1,"featured_media":0,"comment_status":"closed","ping_status":"closed","sticky":false,"template":"","format":"standard","meta":{"footnotes":""},"categories":[1],"tags":[],"class_list":["post-3083","post","type-post","status-publish","format-standard","hentry","category-genel"],"_links":{"self":[{"href":"https:\/\/www.altso.org.tr\/en\/wp-json\/wp\/v2\/posts\/3083","targetHints":{"allow":["GET"]}}],"collection":[{"href":"https:\/\/www.altso.org.tr\/en\/wp-json\/wp\/v2\/posts"}],"about":[{"href":"https:\/\/www.altso.org.tr\/en\/wp-json\/wp\/v2\/types\/post"}],"author":[{"embeddable":true,"href":"https:\/\/www.altso.org.tr\/en\/wp-json\/wp\/v2\/users\/1"}],"replies":[{"embeddable":true,"href":"https:\/\/www.altso.org.tr\/en\/wp-json\/wp\/v2\/comments?post=3083"}],"version-history":[{"count":0,"href":"https:\/\/www.altso.org.tr\/en\/wp-json\/wp\/v2\/posts\/3083\/revisions"}],"wp:attachment":[{"href":"https:\/\/www.altso.org.tr\/en\/wp-json\/wp\/v2\/media?parent=3083"}],"wp:term":[{"taxonomy":"category","embeddable":true,"href":"https:\/\/www.altso.org.tr\/en\/wp-json\/wp\/v2\/categories?post=3083"},{"taxonomy":"post_tag","embeddable":true,"href":"https:\/\/www.altso.org.tr\/en\/wp-json\/wp\/v2\/tags?post=3083"}],"curies":[{"name":"wp","href":"https:\/\/api.w.org\/{rel}","templated":true}]}}