{"id":3084,"date":"2007-09-27T12:29:32","date_gmt":"2007-09-27T09:29:32","guid":{"rendered":"http:\/\/www.altso.org.tr\/genel\/imalatcilara-yer-arayislari-suruyor\/"},"modified":"2007-09-27T12:29:32","modified_gmt":"2007-09-27T09:29:32","slug":"imalatcilara-yer-arayislari-suruyor","status":"publish","type":"post","link":"https:\/\/www.altso.org.tr\/en\/genel\/imalatcilara-yer-arayislari-suruyor\/","title":{"rendered":"\u0130MALAT\u00c7ILARA YER ARAYI\u015eLARI S\u00dcR\u00dcYOR"},"content":{"rendered":"<p><strong>\u0130MALAT SEKT\u00d6RLER\u0130 \u0130LE \u0130LG\u0130L\u0130 UYGUN YER ARAYI\u015eLARI DEVAM ED\u0130YOR<\/strong>       Alanya&#8217;n\u0131n\u00a0geli\u015fmesiyle \u015fehirde faaliyet g\u00f6steren \u00a0k\u00fc\u00e7\u00fck imalat\u00e7\u0131lar, g\u0131da toptanc\u0131lar\u0131 ve da\u011f\u0131t\u0131c\u0131lar\u0131 ile yer sorunu olan sekt\u00f6rleri\u00a0bir arada\u00a0 toplamak amac\u0131yla de\u011fi\u015fik beldelerde yer aray\u0131\u015flar\u0131n\u0131 s\u00fcrd\u00fcr\u00fcyor.<\/p>\n<div class=\"clearfix\"><\/div>\n<div class=\"spacer\"><\/div>\n<p>Odam\u0131z \u00a0Y\u00f6netimi, kentin geli\u015fmesiyle \u015fehirde faaliyet g\u00f6steren \u00a0k\u00fc\u00e7\u00fck imalat\u00e7\u0131lar, g\u0131da toptanc\u0131lar\u0131 ve da\u011f\u0131t\u0131c\u0131lar\u0131 ile toplu halde bulunmas\u0131nda fayda g\u00f6r\u00fclen baz\u0131 sekt\u00f6rleri bir arada\u00a0 toplamak amac\u0131yla de\u011fi\u015fik beldelerde yer aray\u0131\u015flar\u0131n\u0131 s\u00fcrd\u00fcr\u00fcyor.     \u00a0     Bu ama\u00e7la T\u00fcrkler, Payallar ve Emi\u015fbeleni Belediyelerinde bir dizi temaslarda bulunan ALTSO Y\u00f6netimi uygun arazinin bulunmas\u0131 halinde bu sitelerin yap\u0131m\u0131 konusunda sekt\u00f6r temsilcilerine \u00f6nc\u00fcl\u00fck edecek.     \u00a0     Konuya ili\u015fkin olarak T\u00fcrkler Belediye Ba\u015fkan\u0131 \u00a0Hayri \u00c7avu\u015fo\u011flu, Emi\u015fbeleni Belediye Ba\u015fkan\u0131 Ali Balc\u0131 ve Payallar Belediye Ba\u015fkan\u0131 Mehmet \u00c7\u0131tak\u2019\u0131 makam\u0131nda ziyaret eden ALTSO Ba\u015fkan\u0131 Kerim Ta\u00e7 ve Y\u00f6netim Kurulu \u00fcyeleri temel ama\u00e7lar\u0131n\u0131n t\u00fcm sekt\u00f6rleri bir yere toplamak de\u011fil, birbiriyle yak\u0131n ili\u015fkide olan, benzer i\u015fleri yapan i\u015fletmeleri \u201cihtisas \u00c7ar\u015f\u0131 ve Siteleri\u201d \u015feklinde Alanya\u2019n\u0131n uygun yerlerinde \u00f6rg\u00fctlemek oldu\u011funu s\u00f6yledi.              \u00a0      Odam\u0131z Y\u00f6netim Kurulu yer aray\u0131\u015flar\u0131 i\u00e7in en son olarak ge\u00e7ti\u011fimiz g\u00fcnlerde T\u00fcrkler Belediye Ba\u015fkan\u0131 Hayri \u00c7avu\u015fo\u011flu&#8217;nu ziyaret etti<\/p>\n","protected":false},"excerpt":{"rendered":"<p>\u0130MALAT SEKT\u00d6RLER\u0130 \u0130LE \u0130LG\u0130L\u0130 UYGUN YER ARAYI\u015eLARI DEVAM ED\u0130YOR Alanya&#8217;n\u0131n\u00a0geli\u015fmesiyle \u015fehirde faaliyet g\u00f6steren \u00a0k\u00fc\u00e7\u00fck imalat\u00e7\u0131lar, g\u0131da toptanc\u0131lar\u0131 ve da\u011f\u0131t\u0131c\u0131lar\u0131 ile yer sorunu olan sekt\u00f6rleri\u00a0bir arada\u00a0 toplamak amac\u0131yla de\u011fi\u015fik beldelerde yer aray\u0131\u015flar\u0131n\u0131 s\u00fcrd\u00fcr\u00fcyor.<\/p>\n","protected":false},"author":1,"featured_media":3088,"comment_status":"closed","ping_status":"closed","sticky":false,"template":"","format":"standard","meta":{"footnotes":""},"categories":[1],"tags":[],"class_list":["post-3084","post","type-post","status-publish","format-standard","has-post-thumbnail","hentry","category-genel"],"_links":{"self":[{"href":"https:\/\/www.altso.org.tr\/en\/wp-json\/wp\/v2\/posts\/3084","targetHints":{"allow":["GET"]}}],"collection":[{"href":"https:\/\/www.altso.org.tr\/en\/wp-json\/wp\/v2\/posts"}],"about":[{"href":"https:\/\/www.altso.org.tr\/en\/wp-json\/wp\/v2\/types\/post"}],"author":[{"embeddable":true,"href":"https:\/\/www.altso.org.tr\/en\/wp-json\/wp\/v2\/users\/1"}],"replies":[{"embeddable":true,"href":"https:\/\/www.altso.org.tr\/en\/wp-json\/wp\/v2\/comments?post=3084"}],"version-history":[{"count":0,"href":"https:\/\/www.altso.org.tr\/en\/wp-json\/wp\/v2\/posts\/3084\/revisions"}],"wp:featuredmedia":[{"embeddable":true,"href":"https:\/\/www.altso.org.tr\/en\/wp-json\/wp\/v2\/media\/3088"}],"wp:attachment":[{"href":"https:\/\/www.altso.org.tr\/en\/wp-json\/wp\/v2\/media?parent=3084"}],"wp:term":[{"taxonomy":"category","embeddable":true,"href":"https:\/\/www.altso.org.tr\/en\/wp-json\/wp\/v2\/categories?post=3084"},{"taxonomy":"post_tag","embeddable":true,"href":"https:\/\/www.altso.org.tr\/en\/wp-json\/wp\/v2\/tags?post=3084"}],"curies":[{"name":"wp","href":"https:\/\/api.w.org\/{rel}","templated":true}]}}