{"id":3100,"date":"2007-10-26T17:09:27","date_gmt":"2007-10-26T14:09:27","guid":{"rendered":"http:\/\/www.altso.org.tr\/genel\/vilniaus-to-ile-ortak-calisma-yapacagiz\/"},"modified":"2007-10-26T17:09:27","modified_gmt":"2007-10-26T14:09:27","slug":"vilniaus-to-ile-ortak-calisma-yapacagiz","status":"publish","type":"post","link":"https:\/\/www.altso.org.tr\/en\/genel\/vilniaus-to-ile-ortak-calisma-yapacagiz\/","title":{"rendered":"V\u0130LN\u0130AUS TO \u0130LE ORTAK \u00c7ALI\u015eMA YAPACA\u011eIZ"},"content":{"rendered":"<p><strong>ALTSO VE V\u0130LN\u0130AUS ARASINDA \u0130\u015eB\u0130RL\u0130\u011e\u0130<\/strong>       Odam\u0131z ile Litvanya&#8217;n\u0131n Vilniaus \u015fehri Ticaret Odas\u0131 aras\u0131nda i\u015fbirli\u011fi anla\u015fmas\u0131 imzaland\u0131. Anla\u015fma gere\u011fi Alanya ve Vilniaus aras\u0131nda ekonomik, sosyo -k\u00fclt\u00fcrel alanlarda i\u015fbirli\u011fine gidilecek.<\/p>\n<div class=\"clearfix\"><\/div>\n<div class=\"spacer\"><\/div>\n<p>Odam\u0131z\u00a0taraf\u0131ndan <b>22-25 Ekim 2007<\/b> Tarihleri aras\u0131nda Vilniaus Ticaret Odas\u0131 ve di\u011fer \u00f6nemli kurulu\u015flara\u00a0 Ba\u015fkan\u0131m\u0131z Kerim Ta\u00e7, Ba\u015fkan Yard\u0131mc\u0131m\u0131z Hasan Tahsin Sipahio\u011flu, Kaymakam Hulusi Do\u011fan ve Belediye Ba\u015fkan\u0131 Hasan Sipahio\u011flu taraf\u0131ndan yap\u0131lan ziyaretlerle ilgili bug\u00fcn bir bas\u0131n toplant\u0131s\u0131 d\u00fczenlendi.       Toplant\u0131da konu\u015fan\u00a0Odam\u0131z Ba\u015fkan\u0131 Kerim Ta\u00e7, ge\u00e7ti\u011fimiz aylarda Vilniaus Ticaret Odas\u0131 heyetinin ALTSO\u2019ya ziyaret yapt\u0131\u011f\u0131n\u0131 ve o ziyarette iki oda aras\u0131nda ortak \u00e7al\u0131\u015fma yap\u0131lmas\u0131 amac\u0131yla protokol yap\u0131ld\u0131\u011f\u0131n\u0131 hat\u0131rlatt\u0131. Ta\u00e7, bu ba\u015flang\u0131c\u0131n ard\u0131ndan Vilniaus Ticaret Odas\u0131 Ba\u015fkan\u0131 Vaclovas Kontrauskas\u2019\u0131n davetine kar\u015f\u0131l\u0131k V\u0130linus\u2019a giderek bir tak\u0131m temaslarda bulunduklar\u0131n\u0131 s\u00f6yledi.       Oda Ba\u015fkan\u0131m\u0131z burada iki oda aras\u0131nda \u015fehirler aras\u0131 ekonomik i\u015fbirli\u011fi konular\u0131 \u00fczerine bir mutabakat metni imzalad\u0131klar\u0131n\u0131 ve bu i\u015fbirli\u011fine her iki \u015fehrin idarecilerinin de destek verece\u011fini s\u00f6yledi.       Ta\u00e7, Vilniaus\u2019da Ticaret Odas\u0131 Ba\u015fkan\u0131 ve yetkililerinin yan\u0131 s\u0131ra, T\u00fcrkiye&#8217;nin <b>Litvanya B\u00fcy\u00fckel\u00e7isi O\u011fuz \u00d6zge, Litvanya Cumhuriyeti MTurizm M\u00fcste\u015far\u0131, Altivis Lukosevicius, \u015fehrin Kaymakam\u0131 Alfonsas Maca\u0131t\u0131s, Belediye Ba\u015fkan yard\u0131mc\u0131lar\u0131 Prof Dr Jul\u0131jus Novickas ile Juozas Jarmala<\/b> ile de bir tak\u0131m temaslarda bulunduklar\u0131n\u0131 s\u00f6yledi.       Alanya heyeti buradan Alanya\u2019n\u0131n Karde\u015f \u015eehri Trakai\u2019ye de ge\u00e7ti. Heyet burada da Trakai Belediye Ba\u015fkan\u0131 Vytautas Petkevicius ve bir k\u0131s\u0131m Litvanya milletveki ile g\u00f6r\u00fc\u015fmelerde bulundu.       \u00a0      \u00a0       \u00a0               \u00a0<\/p>\n","protected":false},"excerpt":{"rendered":"<p>ALTSO VE V\u0130LN\u0130AUS ARASINDA \u0130\u015eB\u0130RL\u0130\u011e\u0130 Odam\u0131z ile Litvanya&#8217;n\u0131n Vilniaus \u015fehri Ticaret Odas\u0131 aras\u0131nda i\u015fbirli\u011fi anla\u015fmas\u0131 imzaland\u0131. Anla\u015fma gere\u011fi Alanya ve Vilniaus aras\u0131nda ekonomik, sosyo -k\u00fclt\u00fcrel alanlarda i\u015fbirli\u011fine gidilecek.<\/p>\n","protected":false},"author":1,"featured_media":3102,"comment_status":"closed","ping_status":"closed","sticky":false,"template":"","format":"gallery","meta":{"footnotes":""},"categories":[1],"tags":[],"class_list":["post-3100","post","type-post","status-publish","format-gallery","has-post-thumbnail","hentry","category-genel","post_format-post-format-gallery"],"_links":{"self":[{"href":"https:\/\/www.altso.org.tr\/en\/wp-json\/wp\/v2\/posts\/3100","targetHints":{"allow":["GET"]}}],"collection":[{"href":"https:\/\/www.altso.org.tr\/en\/wp-json\/wp\/v2\/posts"}],"about":[{"href":"https:\/\/www.altso.org.tr\/en\/wp-json\/wp\/v2\/types\/post"}],"author":[{"embeddable":true,"href":"https:\/\/www.altso.org.tr\/en\/wp-json\/wp\/v2\/users\/1"}],"replies":[{"embeddable":true,"href":"https:\/\/www.altso.org.tr\/en\/wp-json\/wp\/v2\/comments?post=3100"}],"version-history":[{"count":0,"href":"https:\/\/www.altso.org.tr\/en\/wp-json\/wp\/v2\/posts\/3100\/revisions"}],"wp:featuredmedia":[{"embeddable":true,"href":"https:\/\/www.altso.org.tr\/en\/wp-json\/wp\/v2\/media\/3102"}],"wp:attachment":[{"href":"https:\/\/www.altso.org.tr\/en\/wp-json\/wp\/v2\/media?parent=3100"}],"wp:term":[{"taxonomy":"category","embeddable":true,"href":"https:\/\/www.altso.org.tr\/en\/wp-json\/wp\/v2\/categories?post=3100"},{"taxonomy":"post_tag","embeddable":true,"href":"https:\/\/www.altso.org.tr\/en\/wp-json\/wp\/v2\/tags?post=3100"}],"curies":[{"name":"wp","href":"https:\/\/api.w.org\/{rel}","templated":true}]}}