{"id":3123,"date":"2007-12-31T17:26:40","date_gmt":"2007-12-31T15:26:40","guid":{"rendered":"http:\/\/www.altso.org.tr\/genel\/buyuk-alisveris-merkezleri-raporu\/"},"modified":"2007-12-31T17:26:40","modified_gmt":"2007-12-31T15:26:40","slug":"buyuk-alisveris-merkezleri-raporu","status":"publish","type":"post","link":"https:\/\/www.altso.org.tr\/en\/genel\/buyuk-alisveris-merkezleri-raporu\/","title":{"rendered":"B\u00dcY\u00dcK ALI\u015eVER\u0130\u015e MERKEZLER\u0130 RAPORU"},"content":{"rendered":"<p><strong>B\u00dcY\u00dcK ALI\u015eVER\u0130\u015e MERKEZLER\u0130N\u0130N ALANYA T\u0130CAR\u0130 VE SOSYAL YA\u015eAMINA ETK\u0130LER\u0130\u00a0RAPORU HAZIRLANDI<\/strong>\u00a0       Oda Y\u00f6netim Kurulu Taraf\u0131ndan\u00a0haz\u0131rlanan B\u00fcy\u00fck Al\u0131\u015fveri\u015f Merkezleri ve Organzie Perakendecilerin Alanya Ticari ve Sosyal Ya\u015fam\u0131na Etkileri &#8221; raporu<\/p>\n<div class=\"clearfix\"><\/div>\n<div class=\"spacer\"><\/div>\n<p>B\u00dcY\u00dcK ALI\u015eVER\u0130\u015e MERKEZLER\u0130 VE ORGAN\u0130ZE PERAKENDEC\u0130LER OLARAK N\u0130TELENEN Z\u0130NC\u0130R MA\u011eAZALAR KONUSU, \u00dcLKEM\u0130Z\u0130N OLDU\u011eU G\u0130B\u0130 \u0130L\u00c7EM\u0130Z\u0130N DE \u00d6NEML\u0130 G\u00dcNDEM MADDELER\u0130NDEN B\u0130R\u0130S\u0130N\u0130 OLU\u015eTURMAKTADIR. BU KONUDA ODA Y\u00d6NET\u0130M KURULU OLARAK KAPSAMLI B\u0130R \u00c7ALI\u015eMA HAZIRLANMI\u015eTIR. YAPTI\u011eIMIZ BU \u00c7ALI\u015eMADA KONU \u0130LE \u0130LG\u0130L\u0130 GEL\u0130\u015eMELER YANINDA ALINAB\u0130LECEK TEDB\u0130RLERDE SIRALANMI\u015eTIR.       KONU \u0130LE \u0130LG\u0130L\u0130 YAPILAN ARA\u015eTIRMA VE \u0130NCELEMELER NET\u0130CES\u0130 HAZIRLANAN \u00d6N \u00c7ALI\u015eMA S\u0130ZLERE DE DA\u011eITILMI\u015e OLUP, KONUNUN T\u00dcM Y\u00d6NLER\u0130 \u0130LE AYRINTILI TARTI\u015eILMASI VE T\u00dcM KES\u0130MLER\u0130N KONU HAKKINDAK\u0130 G\u00d6R\u00dc\u015eLER\u0130N\u0130N ALINMASI \u0130\u00c7\u0130N DE \u00d6N\u00dcM\u00dcZDEK\u0130 G\u00dcNLERDE B\u0130R PANEL ORGAN\u0130ZE ED\u0130LMES\u0130 PLANLANMI\u015eTIR. S\u00d6Z KONUSU PANELDE ORGAN\u0130ZE PERAKENDEC\u0130L\u0130\u011e\u0130N, YAN\u0130 B\u00dcY\u00dcK \u00d6L\u00c7EKL\u0130 ALI\u015eVER\u0130\u015e MERKEZ\u0130LER\u0130N\u0130N KENT EKONOM\u0130S\u0130 VE SOSYAL YA\u015eAMA ETK\u0130LER\u0130 DETAYLI OLARAK \u0130\u015eLENECEK, KONUNUN UZMANLARI TARAFINDAN B\u0130LG\u0130LER VER\u0130LECEKT\u0130R.       PANEL\u0130N ARDINDAN PANEL KONU\u015eMALARI DA K\u0130TAP\u00c7IK HAL\u0130NE GET\u0130R\u0130LEREK \u00dcYELER\u0130M\u0130Z\u0130N B\u0130LG\u0130S\u0130NE SUNULMASI HEDEFLENMEKTED\u0130R. RAPOR KONUSUNDA T\u00dcM \u00dcYELER\u0130M\u0130Z\u0130N G\u00d6R\u00dc\u015e VE \u00d6NER\u0130LER\u0130N\u0130\u00a0ODAMIZA B\u0130LD\u0130RMELER\u0130 R\u0130CA OLUNUR.       G\u00f6r\u00fc\u015f ve \u00d6neri \u0130\u00e7in: <a href=\"mailto:altso@altso.org.tr\">altso@altso.org.tr<\/a> \u00a0       KONU \u0130LE \u0130LG\u0130L\u0130 RAPOR \u0130\u00c7\u0130N <a target=\"_self\" href=\"#\">TIKLAYINIZ&#8230;..<br \/>  <\/a>      <strong><a target=\"_self\" href=\"#\">B\u00dcY\u00dcK ALI\u015eVER\u0130\u015e MERKEZLER\u0130 VE ORAGAN\u0130ZE PERAKENDEC\u0130LER\u0130N ALANYA T\u0130CAR\u0130 VE SOSYAL YA\u015eAMINA ETK\u0130LER\u0130\u00a0(26.12.2007)<\/a><\/strong>\u00a0<\/p>\n","protected":false},"excerpt":{"rendered":"<p>B\u00dcY\u00dcK ALI\u015eVER\u0130\u015e MERKEZLER\u0130N\u0130N ALANYA T\u0130CAR\u0130 VE SOSYAL YA\u015eAMINA ETK\u0130LER\u0130\u00a0RAPORU HAZIRLANDI\u00a0 Oda Y\u00f6netim Kurulu Taraf\u0131ndan\u00a0haz\u0131rlanan B\u00fcy\u00fck Al\u0131\u015fveri\u015f Merkezleri ve Organzie Perakendecilerin Alanya Ticari ve Sosyal Ya\u015fam\u0131na Etkileri &#8221; raporu<\/p>\n","protected":false},"author":1,"featured_media":0,"comment_status":"closed","ping_status":"closed","sticky":false,"template":"","format":"standard","meta":{"footnotes":""},"categories":[1],"tags":[],"class_list":["post-3123","post","type-post","status-publish","format-standard","hentry","category-genel"],"_links":{"self":[{"href":"https:\/\/www.altso.org.tr\/en\/wp-json\/wp\/v2\/posts\/3123","targetHints":{"allow":["GET"]}}],"collection":[{"href":"https:\/\/www.altso.org.tr\/en\/wp-json\/wp\/v2\/posts"}],"about":[{"href":"https:\/\/www.altso.org.tr\/en\/wp-json\/wp\/v2\/types\/post"}],"author":[{"embeddable":true,"href":"https:\/\/www.altso.org.tr\/en\/wp-json\/wp\/v2\/users\/1"}],"replies":[{"embeddable":true,"href":"https:\/\/www.altso.org.tr\/en\/wp-json\/wp\/v2\/comments?post=3123"}],"version-history":[{"count":0,"href":"https:\/\/www.altso.org.tr\/en\/wp-json\/wp\/v2\/posts\/3123\/revisions"}],"wp:attachment":[{"href":"https:\/\/www.altso.org.tr\/en\/wp-json\/wp\/v2\/media?parent=3123"}],"wp:term":[{"taxonomy":"category","embeddable":true,"href":"https:\/\/www.altso.org.tr\/en\/wp-json\/wp\/v2\/categories?post=3123"},{"taxonomy":"post_tag","embeddable":true,"href":"https:\/\/www.altso.org.tr\/en\/wp-json\/wp\/v2\/tags?post=3123"}],"curies":[{"name":"wp","href":"https:\/\/api.w.org\/{rel}","templated":true}]}}