{"id":3141,"date":"2008-03-05T12:16:50","date_gmt":"2008-03-05T10:16:50","guid":{"rendered":"http:\/\/www.altso.org.tr\/genel\/turizm-arama-konferansi-antalyada-yapildi\/"},"modified":"2008-03-05T12:16:50","modified_gmt":"2008-03-05T10:16:50","slug":"turizm-arama-konferansi-antalyada-yapildi","status":"publish","type":"post","link":"https:\/\/www.altso.org.tr\/en\/genel\/turizm-arama-konferansi-antalyada-yapildi\/","title":{"rendered":"TUR\u0130ZM ARAMA KONFERANSI ANTALYA&#8217;DA YAPILDI"},"content":{"rendered":"<p><strong>TUR\u0130ZM SEKT\u00d6R\u00dcN\u00dcN SORUNLARI \u0130\u00c7\u0130N ARAMA KONFERANSI<\/strong><\/p>\n<p>  K\u00fclt\u00fcr ve Turizm Bakanl\u0131\u011f\u0131 ile T\u00fcrkiye Odalar ve Borsalar Birli\u011fi taraf\u0131ndan d\u00fczenlenen &#8221;Turizm Arama Konferans\u0131&#8221;\u00a0 2 Mart 2008 tarihinde sona erdi.<\/p>\n<div class=\"clearfix\"><\/div>\n<div class=\"spacer\"><\/div>\n<p>K\u00fclt\u00fcr ve Turizm Bakanl\u0131\u011f\u0131 ile T\u00fcrkiye Odalar ve Borsalar Birli\u011fi taraf\u0131ndan d\u00fczenlenen ve 28 \u015eubat 2008 tarihinde Belek\u2019te ba\u015flayan &#8221;Turizm Arama Konferans\u0131&#8221;, 02.03.2008 tarihinde d\u00fczenlenen toplant\u0131lar ile sona erdi. TOBB ba\u015fkan\u0131m\u0131z say\u0131n Rifat H\u0130SARCIKLIO\u011eLU\u2019nun da kat\u0131ld\u0131\u011f\u0131 kapan\u0131\u015f toplant\u0131s\u0131na Oda Ba\u015fkan\u0131m\u0131z Kerim TA\u00c7 da i\u015ftirak etti. <\/p>\n<p>  Ela Quality Otel&#8217;de d\u00fczenlenen konferansa, TOBB Ba\u015fkan\u0131 M. Rifat Hisarc\u0131kl\u0131o\u011flu, TOBB Ba\u015fkan Yard\u0131mc\u0131s\u0131 Halim Mete, TOBB Y\u00f6netim Kurulu \u00dcyesi ve Antalya TSO Ba\u015fkan\u0131 Kemal \u00d6zgen,TBMM Bay\u0131nd\u0131rl\u0131k, \u0130mar, Ula\u015ft\u0131rma ve Turizm Komisyonu Ba\u015fkan\u0131 Samsun Milletvekili Mustafa Demir, K\u00fclt\u00fcr ve Turizm Bakanl\u0131\u011f\u0131 M\u00fcste\u015far\u0131 \u0130smet Y\u0131lmaz, T\u00fcrkiye Otelciler Federasyonu Ba\u015fkan\u0131 Ahmet Barut, T\u00fcrkiye Seyahat Acenteleri Birli\u011fi Ba\u015fkan\u0131 Ba\u015faran Ulusoy, GTI Kay\u0131 Group Y\u00f6netim Kurulu Ba\u015fkan\u0131 Talha G\u00f6rg\u00fcl\u00fc, Avrupa T\u00fcrkiye Turizm \u0130\u015f Konseyi Ba\u015fkan\u0131 ve TUI Holding T\u00fcrkiye Temsilcisi H\u00fcseyin Baraner ile turizm sekt\u00f6r\u00fc temsilcileri kat\u0131ld\u0131. <\/p>\n<p>  Arama konferans\u0131n\u0131n ard\u0131ndan d\u00fczenlenen bas\u0131n toplant\u0131s\u0131nda konu\u015fan TOBB Ba\u015fkan\u0131 M. Rifat Hisarc\u0131kl\u0131o\u011flu, \u201cT\u00fcrkiye, turizmde b\u00f6lge lideri olabilecek bir \u00fclkedir. Yeter ki, biz buna inanal\u0131m ve hedefleyelim. Bunun potansiyeli de, alt yap\u0131s\u0131 da vard\u0131r. T\u00fcrkiye\u2019nin \u00e7ok k\u0131sa bir s\u00fcre i\u00e7erisinde turizmde d\u00fcnyada say\u0131l\u0131 \u00fclkeler aras\u0131na girmi\u015f olmas\u0131, bu hedefimize de ula\u015faca\u011f\u0131m\u0131z\u0131 teyit etmektedir\u201d dedi. <br \/>  TOBB Ba\u015fkan\u0131 M. Rifat Hisarc\u0131kl\u0131o\u011flu\u2019nun konu\u015fmas\u0131 \u015f\u00f6yle:       \u201cBug\u00fcn itibariyle turizm sekt\u00f6r\u00fc, hem istihdam hem de d\u00f6viz geliri a\u00e7\u0131s\u0131ndan, \u00fclkemizin alt\u0131n sekt\u00f6r\u00fc konumundad\u0131r. \u00d6zellikle de, net d\u00f6viz geliri kazand\u0131rma anlam\u0131nda, \u00fclkemizin en \u00f6nde gelen sekt\u00f6r\u00fcd\u00fcr. Turizm sayesinde, h\u0131zla artan d\u0131\u015f ticaret a\u00e7\u0131\u011f\u0131m\u0131z\u0131n \u00f6nemli bir k\u0131sm\u0131n\u0131 telafi edebilmek m\u00fcmk\u00fcn olmaktad\u0131r. <\/p>\n<p>  T\u00fcrkiye, turizmde son 20 y\u0131lda geldi\u011fi nokta itibar\u0131yla, ikinci \u00f6rne\u011fi olmayan bir \u00fclkedir. 80\u2019lerin ba\u015f\u0131nda d\u00fcnya turizm pastas\u0131ndaki pay\u0131m\u0131z ancak binde bir\u2019ler seviyesindeydi. Bug\u00fcnse pay\u0131m\u0131z y\u00fczde 3 seviyesine yakla\u015fm\u0131\u015ft\u0131r. Uluslararas\u0131 seyahat end\u00fcstrisinin de g\u00fc\u00e7l\u00fc bir akt\u00f6r\u00fc olan \u00fclkemiz, bu g\u00fcc\u00fc iyi anlamal\u0131 ve hedefini ona g\u00f6re belirlemelidir. <br \/>  T\u00fcrkiye, turizmde b\u00f6lge lideri olabilecek bir \u00fclkedir. Yeter ki, biz buna inanal\u0131m ve hedefleyelim. Bunun potansiyeli de, alt yap\u0131s\u0131 da vard\u0131r. T\u00fcrkiye\u2019nin \u00e7ok k\u0131sa bir s\u00fcre i\u00e7erisinde turizmde d\u00fcnyada say\u0131l\u0131 \u00fclkeler aras\u0131na girmi\u015f olmas\u0131, bu hedefimize de ula\u015faca\u011f\u0131m\u0131z\u0131 teyit etmektedir. <\/p>\n<p>  Kar\u015f\u0131la\u015ft\u0131\u011f\u0131m\u0131z s\u0131k\u0131nt\u0131lar\u0131m\u0131z ve \u00e7\u00f6z\u00fcm bekleyen sorunlar\u0131m\u0131z bulunmaktad\u0131r. Ancak uzun soluklu d\u00fc\u015f\u00fcnmeliyiz. Turizm sekt\u00f6r\u00fcn\u00fcn her \u015feyden \u00f6nce gelir-gider yap\u0131s\u0131, pek \u00e7ok di\u011fer sekt\u00f6rden fakl\u0131d\u0131r. Girdilerin y\u00fczde 90\u2019\u0131ndan fazlas\u0131 TL. \u0130ken, gelirlerinin yakla\u015f\u0131k y\u00fczde 70\u2019i d\u00f6viz \u00fczerindendir. Bu y\u00fczden de d\u00f6viz kurlar\u0131ndaki geli\u015fmelere son derece duyarl\u0131d\u0131r. <br \/>  Sadece son 3 y\u0131l zarf\u0131nda, i\u00e7erdeki fiyatlar\u0131n genel d\u00fczeyindeki art\u0131\u015f, k\u00fcm\u00fclatif olarak y\u00fczde 30\u2019a ula\u015fm\u0131\u015fken, ayn\u0131 d\u00f6nemde dolar kuru y\u00fczde 20 gerilemi\u015f, Euro ise ancak ayn\u0131 d\u00fczeyde kalm\u0131\u015ft\u0131r. Ya\u015fanan s\u0131k\u0131nt\u0131larda, bu tablo, g\u00f6z ard\u0131 edilmemelidir.       Bundan sonraki d\u00f6nemde h\u0131zla geli\u015fen, 2020 y\u0131l\u0131nda 2 trilyon dolar d\u00fczeyine ula\u015fmas\u0131 beklenen turizm pastas\u0131ndan, T\u00fcrkiye\u2019nin daha fazla pay alabilmesi i\u00e7in azami gayreti g\u00f6stermeliyiz. Ama, \u00f6ncelikle \u015funu unutmamak gerekir ki T\u00fcrkiye, turizmde d\u00fcne kadar konu\u015ftuklar\u0131n\u0131n \u00e7ok \u00f6tesinde bir noktaya gelmi\u015ftir. Bug\u00fcn art\u0131k olaylara farkl\u0131 bakmak gerekiyor. Mevlana\u2019n\u0131n dedi\u011fi gibi \u2018d\u00fcn, d\u00fcnde kald\u0131 canca\u011f\u0131z\u0131m. \u015eimdi yeni bir \u015feyler s\u00f6ylemek laz\u0131m&#8217;. Yar\u0131n i\u00e7in bir\u015feyler s\u00f6ylemeden \u00f6nce nereden geldik? Nerede olmak istiyoruz ve nas\u0131l yapaca\u011f\u0131z sorular\u0131na yan\u0131t bulmak gerekiyor. Unutmayal\u0131m ki gelece\u011fi d\u00fc\u015f\u00fcnmezseniz gelecek size bir\u015fey vermez. Bu arama konferans\u0131nda bu sorulara yan\u0131t arand\u0131. <\/p>\n<p>  TOBB olarak, \u00fclkemizin k\u00fcresel arenada do\u011fal rekabet avantaj\u0131na sahip sekt\u00f6rlerin ba\u015f\u0131nda g\u00f6rd\u00fc\u011f\u00fcm\u00fcz turizmin geli\u015fimini ve sorunlar\u0131n\u0131 yak\u0131ndan takip ediyoruz. Bu do\u011frultuda markala\u015fmay\u0131, s\u00fcrd\u00fcr\u00fclebilir kalk\u0131nmay\u0131, \u00fcr\u00fcn \u00e7e\u015fitlendirmesini \u00f6n plana koyan ve yat\u0131r\u0131m\u0131 destekleyen arama konferans\u0131\u2019n\u0131n, sekt\u00f6r\u00fcn geli\u015fmesinde \u00f6nemli kilometre ta\u015f\u0131 olaca\u011f\u0131na inan\u0131yoruz. <\/p>\n<p>  Arama konferans\u0131, sekt\u00f6r\u00fcn t\u00fcm payda\u015flar\u0131n\u0131 ilgili kamu kurumlar\u0131n\u0131, sivil toplum \u00f6rg\u00fctlerini ve akademisyenleri bir araya getirerek geni\u015f bir kat\u0131l\u0131mla ger\u00e7ekle\u015ftirildi. \u015eimdi \u00f6nemli olan ortaya \u00e7\u0131kan sonu\u00e7lar\u0131 uygulamaya koyacak yap\u0131y\u0131, ili\u015fkileri ve d\u00fczenlemeyi hayata ge\u00e7irmektir. Bunun i\u00e7in herkese, her kuruma g\u00f6rev d\u00fc\u015f\u00fcyor. Hi\u00e7 kimse ben s\u00f6yledim, benim i\u015fim bitti diye d\u00fc\u015f\u00fcnmesin. S\u00f6ylemek kadar, turizm sekt\u00f6r\u00fcn\u00fcn geli\u015fmesinde de rol almak zorundas\u0131n\u0131z. TOBB olarak biz \u00fczerimize ne d\u00fc\u015fen varsa yapmaya haz\u0131r\u0131z. \u00d6nemli olan ortak akl\u0131 olu\u015fturmakt\u0131r. <\/p>\n<p>  Ortak ak\u0131l olu\u015ftururken de unutmayal\u0131m ki; turizm yaln\u0131z d\u00f6viz getiren bir sekt\u00f6r de\u011fil sosyal hayat\u0131 da de\u011fi\u015ftiren bir sekt\u00f6rd\u00fcr. \u0130ki g\u00fcn s\u00fcren arama konferans\u0131m\u0131za \u00fcst d\u00fczeyde g\u00f6sterilen ilgi ve katk\u0131, kapsam\u0131, yo\u011funlu\u011fu ve ge\u00e7ici sonu\u00e7lar\u0131 \u00fczerindeki de\u011ferlendirmeler \u00e7ok ba\u015far\u0131l\u0131 bir toplant\u0131 oldu\u011funu g\u00f6stermi\u015ftir. TOBB olarak bu konferans\u0131 d\u00fczenlemekten memnuniyet duyduk. 2023 y\u0131l\u0131 perspektifi kapsam\u0131nda vizyon, say\u0131sal ve s\u00f6zel hedefler belirlenmi\u015ftir. <\/p>\n<p>  Bu hedeflere ula\u015f\u0131lmas\u0131 i\u00e7in de; sekt\u00f6rdeki hukuki d\u00fczenleme ve te\u015fvikler ele al\u0131nm\u0131\u015ft\u0131r. E\u011fitim ihtiyac\u0131, planlanma ve altyap\u0131 gere\u011fi tart\u0131\u015f\u0131lm\u0131\u015ft\u0131r. Pazarlama ve y\u00f6netim yakla\u015f\u0131m\u0131, \u00fcr\u00fcn \u00e7e\u015fitlili\u011fi sa\u011flanmas\u0131, turizmin t\u00fcm y\u0131la ve adeta bir a\u00e7\u0131k hava m\u00fczesi olan \u00fclkemizin her noktas\u0131na yay\u0131lmas\u0131, yeni yat\u0131r\u0131m ihtiyac\u0131 ve t\u00fcm bu de\u011ferlendirmelerin belli bir eylem plan\u0131na ba\u011flanmas\u0131 \u00f6nerileri getirilmi\u015ftir. <\/p>\n<p>  Birli\u011fimiz ile k\u00fclt\u00fcr ve turizm bakanl\u0131\u011f\u0131\u2019n\u0131n ortakl\u0131\u011f\u0131yla d\u00fczenlenen bu arama konferans\u0131n\u0131n sonu\u00e7lar\u0131n\u0131, orta ve uzun vadede alaca\u011f\u0131m\u0131za inan\u0131yoruz. Son d\u00f6nemde h\u00fck\u00fcmetimiz ile olu\u015fturdu\u011fumuz, ekonomik sorunlar\u0131 de\u011ferlendirme kurulu ve YO\u0130KK gibi diyalog kanallar\u0131 vas\u0131tas\u0131yla, sekt\u00f6rel sorunlar\u0131n \u00e7\u00f6z\u00fcm\u00fcne y\u00f6nelik \u00f6nemli ad\u0131mlar at\u0131lmas\u0131 sa\u011flanm\u0131\u015ft\u0131r. <br \/>  KDV indirimi de bunlardan biridir. Benzer \u015fekilde mevsimsel \u00e7al\u0131\u015fmayla ilgili istihdam maliyetleri, tan\u0131t\u0131m faaliyetleri ve \u00d6TV konular\u0131nda da \u00e7al\u0131\u015fmalar\u0131m\u0131z\u0131 s\u00fcrd\u00fcr\u00fcyoruz.\u201d       K\u00dcLT\u00dcR VE TUR\u0130ZM BAKANLI\u011eI M\u00dcSTE\u015eARI \u0130SMET YILMAZ <br \/>  K\u00fclt\u00fcr ve Turizm Bakanl\u0131\u011f\u0131 M\u00fcste\u015far\u0131 \u0130smet Y\u0131lmaz, T\u00fcrk turizminin gelecek hedefinin, turist say\u0131s\u0131 ve turizm geliri a\u00e7\u0131s\u0131ndan d\u00fcnya \u00fclkeleri aras\u0131nda ilk 5&#8217;te yer almak oldu\u011funu bildirdi. <br \/>  Konferans\u0131n, sekt\u00f6r\u00fcn gelece\u011fini tasarlamak, vizyonunu olu\u015fturmak, stratejilerini ve bunun i\u00e7in gerekli eylem planlar\u0131n\u0131 belirlemek amac\u0131yla yap\u0131ld\u0131\u011f\u0131n\u0131 belirten Y\u0131lmaz, T\u00fcrkiye&#8217;nin bug\u00fcn turizm sekt\u00f6r\u00fcnde d\u00fcnyan\u0131n ilk 10 \u00fclkesi i\u00e7inde yer ald\u0131\u011f\u0131n\u0131 s\u00f6yledi. <\/p>\n<p>  Turizm sekt\u00f6r\u00fcn\u00fcn rekabete a\u00e7\u0131k oldu\u011funu hat\u0131rlatan Y\u0131lmaz, T\u00fcrkiye&#8217;nin \u00f6ncelikli plan\u0131n\u0131n ilk 10&#8217;daki yerini korumak oldu\u011funu ifade ederek, \u015f\u00f6yle konu\u015ftu: <\/p>\n<p>  &#8221;Gerek Turizm Strateji Plan\u0131m\u0131zda, gerekse bu iki g\u00fcnl\u00fck \u00e7al\u0131\u015fmam\u0131zda ortaya koydu\u011fumuz rakam, hem turist say\u0131s\u0131 bak\u0131m\u0131ndan, hem de turizm geliri a\u00e7\u0131s\u0131ndan d\u00fcnyada ilk 5&#8217;in aras\u0131na girmektir. \u0130nan\u0131rsak, birlik beraberlik i\u00e7inde olursak bunu ba\u015farabiliriz. T\u00fcrkiye, bug\u00fcne kadar belirlenen rakamlar\u0131n, tahmin edilenlerin kat kat \u00f6n\u00fcne ge\u00e7mi\u015ftir. \u00c7\u00fcnk\u00fc T\u00fcrkiye gibi bir \u00fclke d\u00fcnyada yoktur. O halde bize, otel ve hizmet kalitemizi art\u0131rmak d\u00fc\u015f\u00fcyor. Yerel davranmayaca\u011f\u0131z, ancak yerel kimli\u011fimizi koruyaca\u011f\u0131z. Bu konferans\u0131m\u0131zda bir slogan\u0131m\u0131z var. &#8216;Ama her\u015fey burada&#8217;. Dolay\u0131s\u0131yla T\u00fcrkiye&#8217;de ne ararsan\u0131z var. K\u0131\u015f turizmi var. Pakistan&#8217;da, Suriye&#8217;de, Yunanistan&#8217;da k\u0131\u015f turizmini bulamazs\u0131n\u0131z. Termal turizm, sa\u011fl\u0131k turizmi, golf turizmi var. T\u00fcrkiye 2008&#8217;de &#8216;Avrupa Golf Destinasyon&#8217; \u00f6d\u00fcl\u00fcn\u00fc ald\u0131. Yakla\u015f\u0131k 10 kilometrelik alanda 14 golf alan\u0131 bulunan bir Amerika, bir de T\u00fcrkiye var. T\u00fcrkiye bu \u00f6d\u00fcl\u00fc al\u0131rken \u0130spanya, Portekiz, \u0130ngiltere, \u0130sko\u00e7ya&#8217;y\u0131 ge\u00e7mi\u015ftir. T\u00fcrkiye kendisini k\u00fc\u00e7\u00fcmsemeyecektir.&#8221; <\/p>\n<p>  T\u00fcrkiye&#8217;deki otellerin kalite olarak &#8221;e\u015fsiz&#8221; oldu\u011funun alt\u0131n\u0131 \u00e7izen Y\u0131lmaz, hizmet, s\u00fcrd\u00fcr\u00fclebilir turizm ve toplam destinasyon kalitesine \u00f6nem verilmesiyle T\u00fcrkiye&#8217;ye gelen turistlerin \u00fcst seviyede memnuniyetinin sa\u011flanaca\u011f\u0131n\u0131 bildirdi. <br \/>  Al\u0131nan kararlar aras\u0131nda \u00e7evreci ve sa\u011fl\u0131kl\u0131 bir destinasyon yarat\u0131lmas\u0131, markala\u015fman\u0131n sa\u011flanmas\u0131 ve turizmin \u00e7e\u015fitlendirilmesi gibi konular\u0131n da yer ald\u0131\u011f\u0131n\u0131 bildiren K\u00fclt\u00fcr ve Turizm Bakanl\u0131\u011f\u0131 M\u00fcste\u015far\u0131 Y\u0131lmaz, \u015f\u00f6yle devam etti: <\/p>\n<p>  &#8221;G\u00fcne\u015f, deniz ve kumun d\u0131\u015f\u0131na \u00e7\u0131k\u0131p, di\u011fer turizm \u00e7e\u015fitlerindeki pay\u0131 art\u0131rarak, T\u00fcrkiye&#8217;de 2023 y\u0131l\u0131nda 50 milyon turist ve ki\u015fi ba\u015f\u0131na bin dolar harcamayla 50 milyar dolar gelir bekliyoruz. \u00dcst gelir grubu turistin tercih etti\u011fi bir \u00fclke haline gelmeyi ve T\u00fcrkiye&#8217;ye kaliteli bir \u00fclke pazarlamay\u0131 ama\u00e7l\u0131yoruz. Bunun d\u0131\u015f\u0131nda say\u0131sal hedeflerimiz de var. Bu hedeflere ula\u015fmak i\u00e7in 1 milyon 250 bin belgeli yata\u011f\u0131m\u0131z, 5 milyon istihdam\u0131m\u0131z, 500 u\u00e7a\u011f\u0131m\u0131z, 10 kongre merkezimiz, 40 marinam\u0131z, 25 cruise liman\u0131m\u0131z olacak. B\u00f6lgesel ve mevsimsel s\u0131k\u0131nt\u0131lar\u0131m\u0131z\u0131 gidermek i\u00e7in te\u015fvik uygulamalar\u0131m\u0131z ve \u00fcr\u00fcn\u00fc \u00e7e\u015fitlendirme uygulamalar\u0131m\u0131z olacak. Bu y\u0131l ilk kez T\u00fcrkiye tan\u0131t\u0131m\u0131ndan b\u00f6lgesel tan\u0131t\u0131ma ge\u00e7tik. Sadece Akdeniz, Antalya odakl\u0131 tan\u0131t\u0131ma ge\u00e7tik. Ancak bu da yetmez, nokta odakl\u0131 tan\u0131t\u0131ma ge\u00e7meliyiz. Yap\u0131lanlardan hi\u00e7 \u015f\u00fcpheniz olmas\u0131n yar\u0131nlar bug\u00fcnlerden g\u00fczel olacakt\u0131r.&#8221;<\/p>\n","protected":false},"excerpt":{"rendered":"<p>TUR\u0130ZM SEKT\u00d6R\u00dcN\u00dcN SORUNLARI \u0130\u00c7\u0130N ARAMA KONFERANSI K\u00fclt\u00fcr ve Turizm Bakanl\u0131\u011f\u0131 ile T\u00fcrkiye Odalar ve Borsalar Birli\u011fi taraf\u0131ndan d\u00fczenlenen &#8221;Turizm Arama Konferans\u0131&#8221;\u00a0 2 Mart 2008 tarihinde sona erdi.<\/p>\n","protected":false},"author":1,"featured_media":0,"comment_status":"closed","ping_status":"closed","sticky":false,"template":"","format":"standard","meta":{"footnotes":""},"categories":[1],"tags":[],"class_list":["post-3141","post","type-post","status-publish","format-standard","hentry","category-genel"],"_links":{"self":[{"href":"https:\/\/www.altso.org.tr\/en\/wp-json\/wp\/v2\/posts\/3141","targetHints":{"allow":["GET"]}}],"collection":[{"href":"https:\/\/www.altso.org.tr\/en\/wp-json\/wp\/v2\/posts"}],"about":[{"href":"https:\/\/www.altso.org.tr\/en\/wp-json\/wp\/v2\/types\/post"}],"author":[{"embeddable":true,"href":"https:\/\/www.altso.org.tr\/en\/wp-json\/wp\/v2\/users\/1"}],"replies":[{"embeddable":true,"href":"https:\/\/www.altso.org.tr\/en\/wp-json\/wp\/v2\/comments?post=3141"}],"version-history":[{"count":0,"href":"https:\/\/www.altso.org.tr\/en\/wp-json\/wp\/v2\/posts\/3141\/revisions"}],"wp:attachment":[{"href":"https:\/\/www.altso.org.tr\/en\/wp-json\/wp\/v2\/media?parent=3141"}],"wp:term":[{"taxonomy":"category","embeddable":true,"href":"https:\/\/www.altso.org.tr\/en\/wp-json\/wp\/v2\/categories?post=3141"},{"taxonomy":"post_tag","embeddable":true,"href":"https:\/\/www.altso.org.tr\/en\/wp-json\/wp\/v2\/tags?post=3141"}],"curies":[{"name":"wp","href":"https:\/\/api.w.org\/{rel}","templated":true}]}}