{"id":3188,"date":"2008-06-27T19:37:20","date_gmt":"2008-06-27T16:37:20","guid":{"rendered":"http:\/\/www.altso.org.tr\/genel\/ajanslar-kalkinmada-buyuk-rol-oynayacak\/"},"modified":"2008-06-27T19:37:20","modified_gmt":"2008-06-27T16:37:20","slug":"ajanslar-kalkinmada-buyuk-rol-oynayacak","status":"publish","type":"post","link":"https:\/\/www.altso.org.tr\/en\/genel\/ajanslar-kalkinmada-buyuk-rol-oynayacak\/","title":{"rendered":"&#8221; AJANSLAR KALKINMADA B\u00dcY\u00dcK ROL OYNAYACAK&#8221;"},"content":{"rendered":"<p>\u201c<strong>KALKINMA AJANSI\u201d GELECE\u011e\u0130 PLANLAYACAK<\/strong>       Antalya Milletvekili Say\u0131n Sad\u0131k Badak, Odam\u0131zda \u201cKalk\u0131nma Ajanslar\u0131 ile Akdeniz AR-GE Kasabas\u0131 ve Alanya\u201d ba\u015fl\u0131\u011f\u0131 alt\u0131nda bir sunu ger\u00e7ekle\u015ftirdi. Sunu \u00fclkemiz g\u00fcndeminde \u00f6nemli yer alan &#8220;Kalk\u0131nma Ajanslar\u0131n\u0131&#8221; konu ald\u0131.<\/p>\n<div class=\"clearfix\"><\/div>\n<div class=\"spacer\"><\/div>\n<p>Antalya Milletvekili Say\u0131n Sad\u0131k Badak, Odam\u0131zda d\u00fczenledi\u011fi toplant\u0131da \u00fclkemizin g\u00fcndeminde bulunan \u201cKalk\u0131nma Ajanslar\u0131 hakk\u0131nda bilgiler verdi ve haz\u0131rlad\u0131\u011f\u0131 \u00e7al\u0131\u015fman\u0131n sunumunu ger\u00e7ekle\u015ftirdi. Badak sunumunu \u201cKalk\u0131nma Ajanslar\u0131 ile Akdeniz AR-GE Kasabas\u0131 ve Alanya\u201d ba\u015fl\u0131\u011f\u0131 alt\u0131nda toplad\u0131\u00a0       \u00dclkemizde b\u00f6lgeler aras\u0131 geli\u015fmi\u015flik farklar\u0131n\u0131n dengeli bir yap\u0131ya kavu\u015fturulmas\u0131, b\u00f6lgesel ve yerel kalk\u0131nman\u0131n h\u0131zland\u0131r\u0131lmas\u0131 ve s\u00fcrd\u00fcr\u00fclebilir dengeli bir geli\u015fmenin sa\u011flanmas\u0131 i\u00e7in \u00e7e\u015fitli politikalar ve ara\u00e7lar uygulanabilmesi amac\u0131yla kurulacak \u201cB\u00f6lgesel kalk\u0131nma Ajanslar\u0131\u201dn\u0131n yap\u0131s\u0131, ama\u00e7lar\u0131, sa\u011flayaca\u011f\u0131 faydalar\u0131 Odam\u0131zda ger\u00e7ekle\u015fen toplant\u0131da ele al\u0131nd\u0131.       Bu konuda TBMM\u2019de \u00f6nemli \u00e7al\u0131\u015fmalara imza atan Antalya Milletvekili Say\u0131n Sad\u0131k Badak, Alanya\u2019y\u0131 da kapsayacak olan bir\u00a0 Kalk\u0131nma ajans\u0131n\u0131n i\u00e7inde Karaman, Anamur ve Silifke gibi il\u00e7elerinde yer almas\u0131n\u0131 tercih ettiklerini s\u00f6yledi.       Alanya\u2019n\u0131n Antalya\u2019dan daha \u00e7ok bu il\u00e7elerle tarihsel ve k\u00fclt\u00fcrel oldu\u011fu kadar yap\u0131sal da ba\u011flar\u0131 oldu\u011funa dikkat \u00e7eken Badak, kurulmas\u0131 planlanan Kalk\u0131nma ajanslar\u0131n bulunduklar\u0131 y\u00f6reye \u00f6nemli hizmetleri olaca\u011f\u0131n\u0131 s\u00f6yledi. Bunun i\u00e7in Kalk\u0131nma ajans\u0131 b\u00fcnyesinde \u00e7ok iyi e\u011fitimli \u00e7al\u0131\u015fan kadrosu kurulmas\u0131 gerekti\u011fini belirten Badak, bu kadronun da y\u00f6redeki Kaymakaml\u0131k, Belediyeler, Ticaret Odalar\u0131 ve Sivil Toplum Kurulu\u015flar\u0131n\u0131n deste\u011fini almas\u0131 gerekti\u011finin alt\u0131n\u0131 \u00e7izdi.       <strong>YILDA 30 M\u0130LYON YTL B\u00dcT\u00c7E<br \/>  <\/strong>Her kalk\u0131nma ajans\u0131n\u0131n y\u0131ll\u0131k 30 Milyon YTL b\u00fct\u00e7esi olaca\u011f\u0131n\u0131 belirten Badak, bu b\u00fct\u00e7enin yat\u0131r\u0131m ama\u00e7l\u0131 de\u011fil, proje destekleme ve planlama amac\u0131yla kullan\u0131laca\u011f\u0131n\u0131 s\u00f6yledi. Bu b\u00fcy\u00fck b\u00fct\u00e7enin AR-GE \u00e7al\u0131\u015fmalar\u0131n\u0131 destekleyece\u011fini de belirten Antalya Milletvekili, \u201cB\u00fct\u00e7enin en verimli \u015fekilde kullan\u0131labilmesi i\u00e7in y\u00f6redeki resmi ve sivil toplum kurulu\u015flar\u0131n\u0131n yetkililerine \u00f6nemli g\u00f6revler d\u00fc\u015f\u00fcyor. \u015eu andaki sisteme g\u00f6re Kalk\u0131nma Ajanslar\u0131n\u0131n ba\u015fkanlar\u0131n\u0131n her y\u0131l\u00a0ajans\u0131 olu\u015fturan illerdeki valiler aras\u0131nda de\u011fi\u015fece\u011fini s\u00f6yleyen Badak, \u201cBu sistem de bana g\u00f6re yanl\u0131\u015ft\u0131r. Her y\u0131l ba\u015fkan de\u011fi\u015fmesi ba\u015far\u0131ya olumsuz katk\u0131 yapar ve istikrar\u0131 bozar. Benim \u015fahsi tercihim ba\u015fkanlar\u0131n en az 4 y\u0131l ayn\u0131 il valisinde kalmas\u0131 y\u00f6n\u00fcndedir\u201d dedi.       <strong>\u201cPROJE \u00dcRET\u0130N\u201d<\/strong><br \/>  Sunumunda \u00e7e\u015fitli \u00fclkelerin kendi dinamiklerini kullanarak yapt\u0131klar\u0131 bir tak\u0131m \u00e7al\u0131\u015fmalarla gelece\u011fin projelerini hayata ge\u00e7irerek kalk\u0131nmada ba\u015far\u0131 sa\u011flad\u0131\u011f\u0131n\u0131 \u00f6rneklerle anlatan Badak, bug\u00fcn turizm alan\u0131nda b\u00fcy\u00fck ilerleme kaydeden ve d\u00fcnyan\u0131n en kaliteli tesislerini bar\u0131nd\u0131ran Dubai\u2019nin 1975\u2019li y\u0131llarda haz\u0131rlad\u0131\u011f\u0131 projelerin bug\u00fcn hayata ge\u00e7irildi\u011fine dikkat \u00e7ekti.       Badak, Alanya\u2019y\u0131 da kapsayacak olan Kalk\u0131nma Ajans\u0131n\u0131n da kendi ger\u00e7ekleri \u0131\u015f\u0131\u011f\u0131nda do\u011fas\u0131yla bar\u0131\u015f\u0131k, \u00e7evreyle uyumlu ve gelecekte baz\u0131 sorunlar\u0131 \u00e7\u00f6z\u00fcm\u00fcne katk\u0131 sa\u011flayacak projeleri biran \u00f6nce \u00fcretmesi gerekti\u011fini s\u00f6yledi.              \u00a0      \u00a0      \u00a0<\/p>\n","protected":false},"excerpt":{"rendered":"<p>\u201cKALKINMA AJANSI\u201d GELECE\u011e\u0130 PLANLAYACAK Antalya Milletvekili Say\u0131n Sad\u0131k Badak, Odam\u0131zda \u201cKalk\u0131nma Ajanslar\u0131 ile Akdeniz AR-GE Kasabas\u0131 ve Alanya\u201d ba\u015fl\u0131\u011f\u0131 alt\u0131nda bir sunu ger\u00e7ekle\u015ftirdi. Sunu \u00fclkemiz g\u00fcndeminde \u00f6nemli yer alan &#8220;Kalk\u0131nma Ajanslar\u0131n\u0131&#8221; konu ald\u0131.<\/p>\n","protected":false},"author":1,"featured_media":3192,"comment_status":"closed","ping_status":"closed","sticky":false,"template":"","format":"standard","meta":{"footnotes":""},"categories":[1],"tags":[],"class_list":["post-3188","post","type-post","status-publish","format-standard","has-post-thumbnail","hentry","category-genel"],"_links":{"self":[{"href":"https:\/\/www.altso.org.tr\/en\/wp-json\/wp\/v2\/posts\/3188","targetHints":{"allow":["GET"]}}],"collection":[{"href":"https:\/\/www.altso.org.tr\/en\/wp-json\/wp\/v2\/posts"}],"about":[{"href":"https:\/\/www.altso.org.tr\/en\/wp-json\/wp\/v2\/types\/post"}],"author":[{"embeddable":true,"href":"https:\/\/www.altso.org.tr\/en\/wp-json\/wp\/v2\/users\/1"}],"replies":[{"embeddable":true,"href":"https:\/\/www.altso.org.tr\/en\/wp-json\/wp\/v2\/comments?post=3188"}],"version-history":[{"count":0,"href":"https:\/\/www.altso.org.tr\/en\/wp-json\/wp\/v2\/posts\/3188\/revisions"}],"wp:featuredmedia":[{"embeddable":true,"href":"https:\/\/www.altso.org.tr\/en\/wp-json\/wp\/v2\/media\/3192"}],"wp:attachment":[{"href":"https:\/\/www.altso.org.tr\/en\/wp-json\/wp\/v2\/media?parent=3188"}],"wp:term":[{"taxonomy":"category","embeddable":true,"href":"https:\/\/www.altso.org.tr\/en\/wp-json\/wp\/v2\/categories?post=3188"},{"taxonomy":"post_tag","embeddable":true,"href":"https:\/\/www.altso.org.tr\/en\/wp-json\/wp\/v2\/tags?post=3188"}],"curies":[{"name":"wp","href":"https:\/\/api.w.org\/{rel}","templated":true}]}}