{"id":3274,"date":"2009-01-11T17:27:30","date_gmt":"2009-01-11T15:27:30","guid":{"rendered":"http:\/\/www.altso.org.tr\/genel\/odamizda-nobet-degisimi\/"},"modified":"2009-01-11T17:27:30","modified_gmt":"2009-01-11T15:27:30","slug":"odamizda-nobet-degisimi","status":"publish","type":"post","link":"https:\/\/www.altso.org.tr\/en\/genel\/odamizda-nobet-degisimi\/","title":{"rendered":"ODAMIZDA N\u00d6BET DE\u011e\u0130\u015e\u0130M\u0130"},"content":{"rendered":"<p><strong>ODAMIZ ORGAN SE\u00c7\u0130MLER\u0130 YAPILDI<\/strong>       Odam\u0131z Organ Se\u00e7imleri 7 Ocak 2009 g\u00fcn\u00fc Alanya K\u00fclt\u00fcr merkezi\u2019nde ger\u00e7ekle\u015ftirildi. 24 Meslek Komitesi i\u00e7in kullan\u0131lan oylar neticesinde <strong>F.Kerim Aydo\u011fan<\/strong>\u2019\u0131n ba\u015fkanl\u0131\u011f\u0131n\u0131 yapt\u0131\u011f\u0131 Mavi Liste 21 sand\u0131kta \u00e7o\u011funlu\u011fu elde etti.<\/p>\n<div class=\"clearfix\"><\/div>\n<div class=\"spacer\"><\/div>\n<p>Organ se\u00e7imlerinde \u00f6ncelikle \u0130l\u00e7e Se\u00e7im Kurulu\u2019nun g\u00f6zetiminde, her \u00fcye kay\u0131tl\u0131 oldu\u011fu meslek gurubunda 5 veya 7 \u015fer ki\u015filik (\u00fcye say\u0131s\u0131 150 \u2018nin alt\u0131nda olan meslek guruplar\u0131nda 5 di\u011fer meslek guruplar\u0131nda 7 ki\u015fi) Meslek Komiteleri Asil Ve Yedek \u00dcyeleri ile her meslek gurubundan meslek komite \u00fcyesi iki\/\u00fc\u00e7 ki\u015fi (5 ki\u015filik meslek komitelerinde 2; 7 ki\u015filik meslek komitelerde 3 \u00fcye) olmak \u00fczere oda meclisi asil ve yedek \u00fcyeleri i\u00e7in oy kullan\u0131ld\u0131.       Meslek komiteleri, Meclis Asil ve Yedek Listelerinin se\u00e7iminin ard\u0131ndan <strong>Meclis Ba\u015fkanl\u0131k Divan\u0131, Genel Kurul Delegeleri, Y\u00f6netim Kurulu ve Disiplin Kurulu \u00dcyesi<\/strong> se\u00e7imlerinin de <strong>11 Ocak Pazar<\/strong> g\u00fcn\u00fc odam\u0131z Konferans Salonu\u2019nda yap\u0131laca\u011f\u0131 a\u00e7\u0131kland\u0131.              \u00a0<\/p>\n","protected":false},"excerpt":{"rendered":"<p>ODAMIZ ORGAN SE\u00c7\u0130MLER\u0130 YAPILDI Odam\u0131z Organ Se\u00e7imleri 7 Ocak 2009 g\u00fcn\u00fc Alanya K\u00fclt\u00fcr merkezi\u2019nde ger\u00e7ekle\u015ftirildi. 24 Meslek Komitesi i\u00e7in kullan\u0131lan oylar neticesinde F.Kerim Aydo\u011fan\u2019\u0131n ba\u015fkanl\u0131\u011f\u0131n\u0131 yapt\u0131\u011f\u0131 Mavi Liste 21 sand\u0131kta \u00e7o\u011funlu\u011fu elde etti.<\/p>\n","protected":false},"author":1,"featured_media":3280,"comment_status":"closed","ping_status":"closed","sticky":false,"template":"","format":"standard","meta":{"footnotes":""},"categories":[1],"tags":[],"class_list":["post-3274","post","type-post","status-publish","format-standard","has-post-thumbnail","hentry","category-genel"],"_links":{"self":[{"href":"https:\/\/www.altso.org.tr\/en\/wp-json\/wp\/v2\/posts\/3274","targetHints":{"allow":["GET"]}}],"collection":[{"href":"https:\/\/www.altso.org.tr\/en\/wp-json\/wp\/v2\/posts"}],"about":[{"href":"https:\/\/www.altso.org.tr\/en\/wp-json\/wp\/v2\/types\/post"}],"author":[{"embeddable":true,"href":"https:\/\/www.altso.org.tr\/en\/wp-json\/wp\/v2\/users\/1"}],"replies":[{"embeddable":true,"href":"https:\/\/www.altso.org.tr\/en\/wp-json\/wp\/v2\/comments?post=3274"}],"version-history":[{"count":0,"href":"https:\/\/www.altso.org.tr\/en\/wp-json\/wp\/v2\/posts\/3274\/revisions"}],"wp:featuredmedia":[{"embeddable":true,"href":"https:\/\/www.altso.org.tr\/en\/wp-json\/wp\/v2\/media\/3280"}],"wp:attachment":[{"href":"https:\/\/www.altso.org.tr\/en\/wp-json\/wp\/v2\/media?parent=3274"}],"wp:term":[{"taxonomy":"category","embeddable":true,"href":"https:\/\/www.altso.org.tr\/en\/wp-json\/wp\/v2\/categories?post=3274"},{"taxonomy":"post_tag","embeddable":true,"href":"https:\/\/www.altso.org.tr\/en\/wp-json\/wp\/v2\/tags?post=3274"}],"curies":[{"name":"wp","href":"https:\/\/api.w.org\/{rel}","templated":true}]}}