{"id":3309,"date":"2009-02-03T17:39:01","date_gmt":"2009-02-03T15:39:01","guid":{"rendered":"http:\/\/www.altso.org.tr\/genel\/alanya-tarimi-icin-gucbirligi\/"},"modified":"2009-02-03T17:39:01","modified_gmt":"2009-02-03T15:39:01","slug":"alanya-tarimi-icin-gucbirligi","status":"publish","type":"post","link":"https:\/\/www.altso.org.tr\/en\/genel\/alanya-tarimi-icin-gucbirligi\/","title":{"rendered":"ALANYA TARIMI \u0130\u00c7\u0130N G\u00dc\u00c7B\u0130RL\u0130\u011e\u0130"},"content":{"rendered":"<p><strong>ALANYA TARIMI \u0130\u00c7\u0130N Z\u0130RAAT ODASI \u0130LE \u0130\u015eB\u0130RL\u0130\u011e\u0130<\/strong>       Alanya Ziraat Odas\u0131 Meclisi, Odam\u0131z Yeni Ba\u015fkan\u0131 Kerim Aydo\u011fan ve yeni y\u00f6netim kurulu \u00fcyelerini tebrik etmek amac\u0131 ile ger\u00e7ekle\u015ftirdikleri ziyarette, Alanya tar\u0131m\u0131 i\u00e7in ortak hareket etme karar\u0131 ald\u0131lar.<\/p>\n<div class=\"clearfix\"><\/div>\n<div class=\"spacer\"><\/div>\n<p>Alanya Ziraat Odas\u0131 Ba\u015fkan\u0131 Turgut Musluo\u011flu ve Oda Meclis \u00dcyeleri 03.02.2009 tarihinde Odam\u0131z Y\u00f6netim Kurulu Ba\u015fkan\u0131 Kerim Aydo\u011fan ve yeni y\u00f6netim kurulu \u00fcyelerini ziyaret etti. Ziyarette bir konu\u015fma yapan Ziraat Odas\u0131 Ba\u015fkan\u0131 Turgut Musluo\u011flu, Alanya Ticaret ve Sanayi Odas\u0131&#8217;na tar\u0131m konular\u0131na g\u00f6sterdi\u011fi duyarl\u0131l\u0131ktan dolay\u0131 te\u015fekk\u00fcr etti.\u00a0Ba\u015fta hallerin birle\u015ftirilmesi olmak \u00fczere Alanya tar\u0131m\u0131n\u0131n sorunlar\u0131n\u0131n \u00e7\u00f6z\u00fcm\u00fc konusunda, ALTSO nun \u00e7al\u0131\u015fmalar\u0131n\u0131 takdir ettiklerini ve bu \u00e7al\u0131\u015fmalara her t\u00fcrl\u00fc deste\u011fi vermeye haz\u0131r olduklar\u0131n\u0131 belirtti. Toplant\u0131da Bir konu\u015fma yapan Oda ba\u015fkan\u0131m\u0131z Kerim Aydo\u011fan, Alanya Ziraat Odas\u0131 n\u0131n Oda Meclis \u00fcyeleri\u00a0ile birlikte kendilerini ziyaret etmelerinin son derece \u00f6nemli oldu\u011funu belirterek, ALTSO \u00e7al\u0131\u015fmalar\u0131nda t\u00fcm Odalar ile oldu\u011fu gibi \u00f6zellikle tar\u0131m konusundaki \u00e7al\u0131\u015fmalarda Ziraat Odas\u0131 ile i\u015fbirli\u011fi yapmaktan b\u00fcy\u00fck memnuniyet duyaca\u011f\u0131n\u0131 belirtti. Tar\u0131m sekt\u00f6r\u00fcn\u00fcn il\u00e7enin \u00f6nemli sekt\u00f6rlerinden birisi oldu\u011funun alt\u0131n\u0131 \u00e7izan Aydo\u011fan, bu konuda Alanya Ticaret ve Sanayi Odas\u0131 olarak Ziraat Odas\u0131 n\u0131n her zaman yan\u0131nda olacaklar\u0131n\u0131 belirtti.<\/p>\n","protected":false},"excerpt":{"rendered":"<p>ALANYA TARIMI \u0130\u00c7\u0130N Z\u0130RAAT ODASI \u0130LE \u0130\u015eB\u0130RL\u0130\u011e\u0130 Alanya Ziraat Odas\u0131 Meclisi, Odam\u0131z Yeni Ba\u015fkan\u0131 Kerim Aydo\u011fan ve yeni y\u00f6netim kurulu \u00fcyelerini tebrik etmek amac\u0131 ile ger\u00e7ekle\u015ftirdikleri ziyarette, Alanya tar\u0131m\u0131 i\u00e7in ortak hareket etme karar\u0131 ald\u0131lar.<\/p>\n","protected":false},"author":1,"featured_media":3313,"comment_status":"closed","ping_status":"closed","sticky":false,"template":"","format":"standard","meta":{"footnotes":""},"categories":[1],"tags":[],"class_list":["post-3309","post","type-post","status-publish","format-standard","has-post-thumbnail","hentry","category-genel"],"_links":{"self":[{"href":"https:\/\/www.altso.org.tr\/en\/wp-json\/wp\/v2\/posts\/3309","targetHints":{"allow":["GET"]}}],"collection":[{"href":"https:\/\/www.altso.org.tr\/en\/wp-json\/wp\/v2\/posts"}],"about":[{"href":"https:\/\/www.altso.org.tr\/en\/wp-json\/wp\/v2\/types\/post"}],"author":[{"embeddable":true,"href":"https:\/\/www.altso.org.tr\/en\/wp-json\/wp\/v2\/users\/1"}],"replies":[{"embeddable":true,"href":"https:\/\/www.altso.org.tr\/en\/wp-json\/wp\/v2\/comments?post=3309"}],"version-history":[{"count":0,"href":"https:\/\/www.altso.org.tr\/en\/wp-json\/wp\/v2\/posts\/3309\/revisions"}],"wp:featuredmedia":[{"embeddable":true,"href":"https:\/\/www.altso.org.tr\/en\/wp-json\/wp\/v2\/media\/3313"}],"wp:attachment":[{"href":"https:\/\/www.altso.org.tr\/en\/wp-json\/wp\/v2\/media?parent=3309"}],"wp:term":[{"taxonomy":"category","embeddable":true,"href":"https:\/\/www.altso.org.tr\/en\/wp-json\/wp\/v2\/categories?post=3309"},{"taxonomy":"post_tag","embeddable":true,"href":"https:\/\/www.altso.org.tr\/en\/wp-json\/wp\/v2\/tags?post=3309"}],"curies":[{"name":"wp","href":"https:\/\/api.w.org\/{rel}","templated":true}]}}