{"id":3310,"date":"2009-02-03T17:56:06","date_gmt":"2009-02-03T15:56:06","guid":{"rendered":"http:\/\/www.altso.org.tr\/genel\/meslek-odalari-temsilcileri-odamizin-konuguydu\/"},"modified":"2009-02-03T17:56:06","modified_gmt":"2009-02-03T15:56:06","slug":"meslek-odalari-temsilcileri-odamizin-konuguydu","status":"publish","type":"post","link":"https:\/\/www.altso.org.tr\/en\/genel\/meslek-odalari-temsilcileri-odamizin-konuguydu\/","title":{"rendered":"MESLEK ODALARI TEMS\u0130LC\u0130LER\u0130 ODAMIZIN KONU\u011eUYDU"},"content":{"rendered":"<p><strong>ALANYA SORUNLARI \u0130\u00c7\u0130N MESLEK ODALARI \u0130LE ORTAK HAREKET ED\u0130LECEK<\/p>\n<p>  <\/strong>Alanya\u2019da faaliyet g\u00f6steren meslek odas\u0131 ba\u015fkan ve temsilcileri Odam\u0131z Y\u00f6netim Kurulu ile bir araya gelerek, gelecek d\u00f6nemde yap\u0131lacak \u00e7al\u0131\u015fmalarda i\u015fbirli\u011fi i\u00e7inde olma karar\u0131na vard\u0131lar. <br \/>  \u00a0<\/p>\n<div class=\"clearfix\"><\/div>\n<div class=\"spacer\"><\/div>\n<p>Odam\u0131z\u0131n g\u00f6reve yeni ba\u015flayan\u00a0Y\u00f6netim Kurulu olarak, gelecek d\u00f6nemde yap\u0131lacak \u00e7al\u0131\u015fma ve etkinlikleri il\u00e7emizde faaliyet g\u00f6steren di\u011fer sivil toplum kurulu\u015flar\u0131 ve meslek odalar\u0131 ile koordineli olarak yap\u0131lmas\u0131 amac\u0131 ile il\u00e7emizde faaliyet g\u00f6steren meslek odalar\u0131 temsilcileri ile bir toplant\u0131 d\u00fczenledi.\u00a003.02.2009 tarihinde odam\u0131z fuaye salonunda d\u00fczenlenen etkinlikte, Oda ve Temsililiklerinin ba\u015fkanlar\u0131 yan\u0131nda\u00a0y\u00f6netim kurulu \u00fcyeleri de haz\u0131r bulundu. Etkinlikte yeni y\u00f6netim kurulu \u00fcyeleri ile tan\u0131\u015fma ve yeni d\u00f6nemde yap\u0131lacak \u00e7al\u0131\u015fmalar ve kar\u015f\u0131l\u0131kl\u0131 i\u015fbirli\u011fi olanaklar\u0131 g\u00f6r\u00fc\u015f\u00fcld\u00fc\u00a0\u00a0              Oda Meclis Ba\u015fkan\u0131m\u0131z, Meclis Ba\u015fkan Vekillerimiz\u00a0 ve Y\u00f6netim Kurulu \u00fcyelerimizin de haz\u0131r bulundu\u011fu toplant\u0131ya, kat\u0131l\u0131m olduk\u00e7a y\u00fcksekti. Toplant\u0131n\u0131n a\u00e7\u0131l\u0131\u015f\u0131nda bir konu\u015fma yapan Oda Ba\u015fkan\u0131m\u0131z Kerim Aydo\u011fan, etkinli\u011fin amac\u0131n\u0131n ALTSO olarak Alanya\u2019n\u0131n ortak sorunlar\u0131nda t\u00fcm meslek kurulu\u015flar\u0131 ile m\u00fc\u015fterek hareket etmenin ilk ad\u0131m\u0131n\u0131 atmak oldu\u011funu vurgulayarak, yeni y\u00f6netim kurulu olarak tek gayelerinin Alanya i\u00e7in bir \u015feyler yap\u0131lmas\u0131 oldu\u011funu s\u00f6yledi. Aydo\u011fan: \u2018\u2019Alanya hepimizin. Alanya i\u00e7in yap\u0131lacak her t\u00fcrl\u00fc \u00e7al\u0131\u015fmay\u0131 birlikte yapmak istiyoruz, bu konuda odam\u0131z\u0131n t\u00fcm\u00a0imkanlar\u0131 sonuna kadar sizlerin emrinde olacakt\u0131r. Alanya Ticaret ve Sanayi Odas\u0131 olarak yeni d\u00f6nemde yapaca\u011f\u0131m\u0131z \u00e7al\u0131\u015fmalar ile ilgili hepinizin g\u00f6r\u00fc\u015flerine ihtiyac\u0131m\u0131z olacakt\u0131r. Ba\u015fta Alanya\u2019n\u0131n il olmas\u0131, Alanya \u00dcniversitesi gibi konularda Oda olarak ciddi \u00e7al\u0131mlalar y\u00fcr\u00fctece\u011fiz ve bunlar\u0131 birlikte ba\u015faraca\u011f\u0131z\u2019\u2019 dedi.              Oda ba\u015fkan\u0131m\u0131z\u0131n konu\u015fmas\u0131n\u0131n ard\u0131ndan s\u00f6z alan di\u011fer t\u00fcm Oda ba\u015fkan\u0131 ve temsilciler de ALTSO\u2019nun davetinden duyduklar\u0131 memnuniyeti ifade ederek, ALTSO nun t\u00fcm meslke kurulu\u015flar\u0131n\u0131 bir araya getirerek ortak hareket etme niyetini g\u00f6stermesinin \u00f6nemine dikkat \u00e7ektiler. <\/p>\n","protected":false},"excerpt":{"rendered":"<p>ALANYA SORUNLARI \u0130\u00c7\u0130N MESLEK ODALARI \u0130LE ORTAK HAREKET ED\u0130LECEK Alanya\u2019da faaliyet g\u00f6steren meslek odas\u0131 ba\u015fkan ve temsilcileri Odam\u0131z Y\u00f6netim Kurulu ile bir araya gelerek, gelecek d\u00f6nemde yap\u0131lacak \u00e7al\u0131\u015fmalarda i\u015fbirli\u011fi i\u00e7inde olma karar\u0131na vard\u0131lar. \u00a0<\/p>\n","protected":false},"author":1,"featured_media":3315,"comment_status":"closed","ping_status":"closed","sticky":false,"template":"","format":"gallery","meta":{"footnotes":""},"categories":[1],"tags":[],"class_list":["post-3310","post","type-post","status-publish","format-gallery","has-post-thumbnail","hentry","category-genel","post_format-post-format-gallery"],"_links":{"self":[{"href":"https:\/\/www.altso.org.tr\/en\/wp-json\/wp\/v2\/posts\/3310","targetHints":{"allow":["GET"]}}],"collection":[{"href":"https:\/\/www.altso.org.tr\/en\/wp-json\/wp\/v2\/posts"}],"about":[{"href":"https:\/\/www.altso.org.tr\/en\/wp-json\/wp\/v2\/types\/post"}],"author":[{"embeddable":true,"href":"https:\/\/www.altso.org.tr\/en\/wp-json\/wp\/v2\/users\/1"}],"replies":[{"embeddable":true,"href":"https:\/\/www.altso.org.tr\/en\/wp-json\/wp\/v2\/comments?post=3310"}],"version-history":[{"count":0,"href":"https:\/\/www.altso.org.tr\/en\/wp-json\/wp\/v2\/posts\/3310\/revisions"}],"wp:featuredmedia":[{"embeddable":true,"href":"https:\/\/www.altso.org.tr\/en\/wp-json\/wp\/v2\/media\/3315"}],"wp:attachment":[{"href":"https:\/\/www.altso.org.tr\/en\/wp-json\/wp\/v2\/media?parent=3310"}],"wp:term":[{"taxonomy":"category","embeddable":true,"href":"https:\/\/www.altso.org.tr\/en\/wp-json\/wp\/v2\/categories?post=3310"},{"taxonomy":"post_tag","embeddable":true,"href":"https:\/\/www.altso.org.tr\/en\/wp-json\/wp\/v2\/tags?post=3310"}],"curies":[{"name":"wp","href":"https:\/\/api.w.org\/{rel}","templated":true}]}}