{"id":3320,"date":"2009-02-09T17:46:18","date_gmt":"2009-02-09T15:46:18","guid":{"rendered":"http:\/\/www.altso.org.tr\/genel\/altsodan-gazzeye-destek-cagrisi\/"},"modified":"2009-02-09T17:46:18","modified_gmt":"2009-02-09T15:46:18","slug":"altsodan-gazzeye-destek-cagrisi","status":"publish","type":"post","link":"https:\/\/www.altso.org.tr\/en\/genel\/altsodan-gazzeye-destek-cagrisi\/","title":{"rendered":"ALTSO&#8217;DAN GAZZE&#8217;YE DESTEK \u00c7A\u011eRISI"},"content":{"rendered":"<p><strong>ALTSO Y\u00d6NET\u0130M\u0130NDEN GAZZE HALKINA YARDIM KAMPANYASINA DESTEK<\/strong>       ALANYA Ticaret ve Sanayi Odas\u0131 (ALTSO) Y\u00f6netim kurulu ge\u00e7ti\u011fimiz hafta Kerim Aydo\u011fan ba\u015fkanl\u0131\u011f\u0131nda yapt\u0131\u011f\u0131 toplant\u0131da Ba\u015fbakan Recep Tayyip Erdo\u011fan&#8217;\u0131n resmi gazetede yay\u0131nlanan Gazze&#8217;ye yard\u0131m genelgesine destek \u00e7a\u011fr\u0131s\u0131 yapacaklar\u0131n\u0131 a\u00e7\u0131klad\u0131. \u00c7a\u011fr\u0131ya destek vereceklerin ayni yard\u0131mlar\u0131 ALTSO arac\u0131l\u0131\u011f\u0131 ile yapabilecekleri belirtildi.<\/p>\n<div class=\"clearfix\"><\/div>\n<div class=\"spacer\"><\/div>\n<p>Ba\u015fbakanl\u0131ktan ge\u00e7ti\u011fimiz ay \u0130srail&#8217;in Gazze \u00fczerinden ba\u015flatt\u0131\u011f\u0131 askeri hareket sonras\u0131 Filistin&#8217;de y\u00fczlerce insan ya\u015fam\u0131n\u0131 yitirdi. Y\u00fczlerce aile evlerini kaybetti. Filistin&#8217;deki bu insanl\u0131k su\u00e7unun ard\u0131ndan sava\u015f ma\u011fduru \u00e7ocuk, gen\u00e7 kad\u0131n ya\u015fl\u0131 binlerce insana yard\u0131m i\u00e7in Ba\u015fbakanl\u0131ktan \u00e7\u0131kan genelgeye Alanya Ticaret ve Sanayi Odas\u0131 destek \u00e7a\u011fr\u0131s\u0131 yap\u0131lmas\u0131 karar\u0131 ald\u0131. ALTSO y\u00f6netim kurulu ge\u00e7ti\u011fimiz haftaki y\u00f6netim kurulunda g\u00f6r\u00fc\u015f\u00fclen destek \u00e7a\u011fr\u0131s\u0131na ALTSO \u00fcyelerinin ve Alanya halk\u0131n\u0131n duyarl\u0131 yakla\u015faca\u011f\u0131n\u0131 dile getirdi.       Konu ile ilgili bir a\u00e7\u0131klama yapan ALTSO Ba\u015fkan\u0131 Kerim AYDO\u011eAN, &#8221;T\u00fcm d\u00fcnyan\u0131n g\u00f6z\u00fc \u00f6n\u00fcnde ya\u015fanan bu olaylar kar\u015f\u0131s\u0131nda hepimizi derinden yaralayan g\u00f6r\u00fcnt\u00fclere tan\u0131k olmaktay\u0131z. Adeta insanl\u0131k ay\u0131b\u0131 olan bu olaylar sonucu ma\u011fdur olan binlerce Gazzeli ye \u00fclke olarak yard\u0131m elinin uzat\u0131lmas\u0131ndan mutluyuz. Dile\u011fimiz \u00fclke \u00e7ap\u0131nda ba\u015flat\u0131lan bu kapmya ya il\u00e7emizden de kat\u0131l\u0131mlar\u0131n olmas\u0131d\u0131r. Bu a\u00e7\u0131dan Ba\u015fbakanl\u0131k taraf\u0131ndan ba\u015flat\u0131lan ve a\u015fa\u011f\u0131da hesap numaralar\u0131 verilen kampanya ya Alanya hakl\u0131n\u0131n da destek olmalar\u0131n\u0131 bekliy\u0131ruz. Ayr\u0131ca ayni yard\u0131msa bulunmak isteyen \u00fcyelerimiz veya halk\u0131m\u0131z\u0131n da Odam\u0131z a m\u00fcrcaat etmeleri halinde yard\u0131mlar\u0131n\u0131n b\u00f6lgeye ula\u015fmas\u0131 i\u00e7in gerekli yard\u0131m\u0131 yapaca\u011f\u0131z&#8221; dedi.<\/p>\n<p>  Ba\u015fbakanl\u0131k Taraf\u0131ndan a\u00e7\u0131lan Filistin insani yard\u0131m merkezi hesap numaralar\u0131       <strong>T.C. Z\u0130RAAT BANKASI A\u015eA\u011eIAYRANI \u015eUBES\u0130<br \/>  <\/strong>HESAP NO: 555 555 55 ANA HESAP<br \/>  \u00a0\u00a0\u00a0\u00a0\u00a0\u00a0\u00a0\u00a0\u00a0\u00a0\u00a0\u00a0\u00a0\u00a0\u00a0\u00a0\u00a0\u00a0\u00a0\u00a0\u00a0-5001\u00a0 TL<br \/>  \u00a0\u00a0\u00a0\u00a0\u00a0\u00a0\u00a0\u00a0\u00a0\u00a0\u00a0\u00a0\u00a0\u00a0\u00a0\u00a0\u00a0\u00a0\u00a0\u00a0 -5002\u00a0 DOLAR<br \/>  \u00a0\u00a0\u00a0\u00a0\u00a0\u00a0\u00a0\u00a0\u00a0\u00a0\u00a0\u00a0\u00a0\u00a0\u00a0\u00a0\u00a0\u00a0 \u00a0\u00a0-5003\u00a0 EURO       <strong>T.HALK BANKASI BAKANLIKLAR \u015eUBES\u0130<\/strong><br \/>  HESAP NO: 05000005\u00a0 TL<br \/>  \u00a0\u00a0\u00a0\u00a0\u00a0\u00a0\u00a0\u00a0\u00a0\u00a0\u00a0\u00a0\u00a0\u00a0\u00a0 5300003\u00a0 DOLAR<br \/>  \u00a0\u00a0\u00a0\u00a0\u00a0\u00a0\u00a0\u00a0\u00a0\u00a0\u00a0\u00a0\u00a0\u00a0\u00a0 2P000023\u00a0 EURO       <strong>VAKIFLAR BANKASI F\u0130NANS MARKET \u015eUBES\u0130<\/strong><br \/>  HESAP NO: 205 55 55 TL<br \/>  \u00a0\u00a0\u00a0\u00a0\u00a0\u00a0\u00a0\u00a0\u00a0\u00a0\u00a0\u00a0\u00a0\u00a0\u00a0405 66 66 DOLAR<br \/>  \u00a0\u00a0\u00a0\u00a0\u00a0\u00a0\u00a0\u00a0\u00a0\u00a0\u00a0\u00a0\u00a0\u00a0 405 77 77 EURO       \u00a0<\/p>\n","protected":false},"excerpt":{"rendered":"<p>ALTSO Y\u00d6NET\u0130M\u0130NDEN GAZZE HALKINA YARDIM KAMPANYASINA DESTEK ALANYA Ticaret ve Sanayi Odas\u0131 (ALTSO) Y\u00f6netim kurulu ge\u00e7ti\u011fimiz hafta Kerim Aydo\u011fan ba\u015fkanl\u0131\u011f\u0131nda yapt\u0131\u011f\u0131 toplant\u0131da Ba\u015fbakan Recep Tayyip Erdo\u011fan&#8217;\u0131n resmi gazetede yay\u0131nlanan Gazze&#8217;ye yard\u0131m genelgesine destek \u00e7a\u011fr\u0131s\u0131 yapacaklar\u0131n\u0131 a\u00e7\u0131klad\u0131. \u00c7a\u011fr\u0131ya destek vereceklerin ayni yard\u0131mlar\u0131 ALTSO arac\u0131l\u0131\u011f\u0131 ile yapabilecekleri belirtildi.<\/p>\n","protected":false},"author":1,"featured_media":0,"comment_status":"closed","ping_status":"closed","sticky":false,"template":"","format":"standard","meta":{"footnotes":""},"categories":[1],"tags":[],"class_list":["post-3320","post","type-post","status-publish","format-standard","hentry","category-genel"],"_links":{"self":[{"href":"https:\/\/www.altso.org.tr\/en\/wp-json\/wp\/v2\/posts\/3320","targetHints":{"allow":["GET"]}}],"collection":[{"href":"https:\/\/www.altso.org.tr\/en\/wp-json\/wp\/v2\/posts"}],"about":[{"href":"https:\/\/www.altso.org.tr\/en\/wp-json\/wp\/v2\/types\/post"}],"author":[{"embeddable":true,"href":"https:\/\/www.altso.org.tr\/en\/wp-json\/wp\/v2\/users\/1"}],"replies":[{"embeddable":true,"href":"https:\/\/www.altso.org.tr\/en\/wp-json\/wp\/v2\/comments?post=3320"}],"version-history":[{"count":0,"href":"https:\/\/www.altso.org.tr\/en\/wp-json\/wp\/v2\/posts\/3320\/revisions"}],"wp:attachment":[{"href":"https:\/\/www.altso.org.tr\/en\/wp-json\/wp\/v2\/media?parent=3320"}],"wp:term":[{"taxonomy":"category","embeddable":true,"href":"https:\/\/www.altso.org.tr\/en\/wp-json\/wp\/v2\/categories?post=3320"},{"taxonomy":"post_tag","embeddable":true,"href":"https:\/\/www.altso.org.tr\/en\/wp-json\/wp\/v2\/tags?post=3320"}],"curies":[{"name":"wp","href":"https:\/\/api.w.org\/{rel}","templated":true}]}}