{"id":3323,"date":"2009-02-10T16:37:19","date_gmt":"2009-02-10T14:37:19","guid":{"rendered":"http:\/\/www.altso.org.tr\/genel\/odamiz-kadin-girisimciler-kurulu%c2%92ndan-ziyaret\/"},"modified":"2009-02-10T16:37:19","modified_gmt":"2009-02-10T14:37:19","slug":"odamiz-kadin-girisimciler-kurulu%c2%92ndan-ziyaret","status":"publish","type":"post","link":"https:\/\/www.altso.org.tr\/en\/genel\/odamiz-kadin-girisimciler-kurulu%c2%92ndan-ziyaret\/","title":{"rendered":"ODAMIZ KADIN G\u0130R\u0130\u015e\u0130MC\u0130LER KURULU\u0092NDAN Z\u0130YARET"},"content":{"rendered":"<p><strong>AYDO\u011eAN: KADIN G\u0130R\u0130\u015e\u0130MC\u0130LER\u0130NE DESTEK OLACA\u011eIZ<\/strong>       Odam\u0131z Kad\u0131n Giri\u015fimciler Kurulu \u00dcyeleri 10 \u015eubat 2009 g\u00fcn\u00fc\u00a0 Oda y\u00f6netim kurulu toplant\u0131s\u0131na kat\u0131larak hayata ge\u00e7irmeyi planlad\u0131klar\u0131 projeler hakk\u0131nda bilgi verdi. Odam\u0131z Ba\u015fkan\u0131 Kerim Aydo\u011fan, kad\u0131n giri\u015fimciler taraf\u0131ndan yap\u0131lacak \u00e7al\u0131\u015fmalara b\u00fcy\u00fck \u00f6nem verdiklerini ve ba\u015fta e\u011fitim olmak \u00fczere her alanda destek vermeye haz\u0131r olduklar\u0131n\u0131 s\u00f6yledi.<\/p>\n<div class=\"clearfix\"><\/div>\n<div class=\"spacer\"><\/div>\n<p>\u00a0       Odam\u0131z Kad\u0131n giri\u015fimciler Kurulu Ba\u015fkan\u0131 Burcu Baba, Odam\u0131z\u0131n yeni y\u00f6netimine ba\u015far\u0131lar dileyerek ba\u015flad\u0131\u011f\u0131 konu\u015fmas\u0131nda ba\u015fta e\u011fitim alan\u0131nda olmak \u00fczere di\u011fer t\u00fcm konulardaki fikirlerini odam\u0131z y\u00f6netimine aktard\u0131. Milli E\u011fitim M\u00fcd\u00fcrl\u00fc\u011f\u00fcne ba\u011fl\u0131 baz\u0131 okullarda \u00f6\u011frenciler i\u00e7in \u201cGiri\u015fimcilik\u201d dersleri vermeyi planlad\u0131klar\u0131n\u0131 belirten gurup \u00fcyesi Hayriye Sadullaho\u011flu Ergun, d\u00fc\u015f\u00fcnceleri aras\u0131nda ev kad\u0131nlar\u0131n\u0131n da ekonomiye katk\u0131 sa\u011flayacak projeleri oldu\u011funu ifade etti. Ayn\u0131 zamanda Odam\u0131z Meclis Katip \u00dcyesi olan Argun, evlerde \u00fcretimi yap\u0131lan re\u00e7el gibi \u00fcr\u00fcnlerin pazarlanabilmesi i\u00e7in \u00e7al\u0131\u015fma yapacaklar\u0131n\u0131 s\u00f6yledi.              Oda Ba\u015fkan\u0131m\u0131z Kerim Aydo\u011fan ise, kad\u0131n giri\u015fimcileri destekleyerek ekonomiye daha fazla katk\u0131 sa\u011flanmas\u0131 fikrini a\u00e7\u0131k y\u00fcreklilikle desteklediklerini ve kad\u0131n giri\u015fimcilerden gelecek her t\u00fcrl\u00fc \u00f6neriye sonuna kadar destek vermeye\u00a0 haz\u0131r olduklar\u0131n\u0131 ifade etti.<\/p>\n","protected":false},"excerpt":{"rendered":"<p>AYDO\u011eAN: KADIN G\u0130R\u0130\u015e\u0130MC\u0130LER\u0130NE DESTEK OLACA\u011eIZ Odam\u0131z Kad\u0131n Giri\u015fimciler Kurulu \u00dcyeleri 10 \u015eubat 2009 g\u00fcn\u00fc\u00a0 Oda y\u00f6netim kurulu toplant\u0131s\u0131na kat\u0131larak hayata ge\u00e7irmeyi planlad\u0131klar\u0131 projeler hakk\u0131nda bilgi verdi. Odam\u0131z Ba\u015fkan\u0131 Kerim Aydo\u011fan, kad\u0131n giri\u015fimciler taraf\u0131ndan yap\u0131lacak \u00e7al\u0131\u015fmalara b\u00fcy\u00fck \u00f6nem verdiklerini ve ba\u015fta e\u011fitim olmak \u00fczere her alanda destek vermeye haz\u0131r olduklar\u0131n\u0131 s\u00f6yledi.<\/p>\n","protected":false},"author":1,"featured_media":3327,"comment_status":"closed","ping_status":"closed","sticky":false,"template":"","format":"gallery","meta":{"footnotes":""},"categories":[1],"tags":[],"class_list":["post-3323","post","type-post","status-publish","format-gallery","has-post-thumbnail","hentry","category-genel","post_format-post-format-gallery"],"_links":{"self":[{"href":"https:\/\/www.altso.org.tr\/en\/wp-json\/wp\/v2\/posts\/3323","targetHints":{"allow":["GET"]}}],"collection":[{"href":"https:\/\/www.altso.org.tr\/en\/wp-json\/wp\/v2\/posts"}],"about":[{"href":"https:\/\/www.altso.org.tr\/en\/wp-json\/wp\/v2\/types\/post"}],"author":[{"embeddable":true,"href":"https:\/\/www.altso.org.tr\/en\/wp-json\/wp\/v2\/users\/1"}],"replies":[{"embeddable":true,"href":"https:\/\/www.altso.org.tr\/en\/wp-json\/wp\/v2\/comments?post=3323"}],"version-history":[{"count":0,"href":"https:\/\/www.altso.org.tr\/en\/wp-json\/wp\/v2\/posts\/3323\/revisions"}],"wp:featuredmedia":[{"embeddable":true,"href":"https:\/\/www.altso.org.tr\/en\/wp-json\/wp\/v2\/media\/3327"}],"wp:attachment":[{"href":"https:\/\/www.altso.org.tr\/en\/wp-json\/wp\/v2\/media?parent=3323"}],"wp:term":[{"taxonomy":"category","embeddable":true,"href":"https:\/\/www.altso.org.tr\/en\/wp-json\/wp\/v2\/categories?post=3323"},{"taxonomy":"post_tag","embeddable":true,"href":"https:\/\/www.altso.org.tr\/en\/wp-json\/wp\/v2\/tags?post=3323"}],"curies":[{"name":"wp","href":"https:\/\/api.w.org\/{rel}","templated":true}]}}