{"id":3324,"date":"2009-02-10T17:15:03","date_gmt":"2009-02-10T15:15:03","guid":{"rendered":"http:\/\/www.altso.org.tr\/genel\/2-el-otomotiv-sektoru-hareketlenecek\/"},"modified":"2009-02-10T17:15:03","modified_gmt":"2009-02-10T15:15:03","slug":"2-el-otomotiv-sektoru-hareketlenecek","status":"publish","type":"post","link":"https:\/\/www.altso.org.tr\/en\/genel\/2-el-otomotiv-sektoru-hareketlenecek\/","title":{"rendered":"2.EL OTOMOT\u0130V SEKT\u00d6R\u00dc HAREKETLENECEK"},"content":{"rendered":"<p><strong>ODAMIZDA G\u00dcNDEM &#8216;A\u00c7IK OTO PAZARI&#8217; <\/strong>      Odam\u0131z\u00a0 taraf\u0131ndan ikinci el otomobil piyasas\u0131n\u0131n canlanmas\u0131 i\u00e7in yap\u0131lan \u00e7al\u0131\u015fmalar devam ediyor. Bu ama\u00e7la 10 \u015eubat 2009 g\u00fcn\u00fc Odam\u0131z Y\u00f6netimi,\u00a0 14. Meslek Grubu \u00fcyeleri ile il\u00e7emizde a\u00e7\u0131k oto pazar\u0131 kurulmas\u0131 i\u00e7in y\u00fcr\u00fct\u00fclen \u00e7al\u0131\u015fmalar de\u011ferlendirdi.<\/p>\n<div class=\"clearfix\"><\/div>\n<div class=\"spacer\"><\/div>\n<p>\u201cOtomotiv, kara ta\u015f\u0131tlar\u0131, yedek par\u00e7a ve aksesuarlar, petrol ve petrol \u00fcr\u00fcnleri ile her t\u00fcrl\u00fc yak\u0131t\u0131n imalat\u0131, bak\u0131m onar\u0131m\u0131, toptan ve perakende ticareti\u201d ile i\u015ftigal eden \u00fcyelerden olu\u015fan Odam\u0131z 14. meslek grubu ile y\u00f6netim kurulu \u00fcyelerinin kat\u0131ld\u0131\u011f\u0131 toplant\u0131da Gazipa\u015fa Dolmu\u015f duraklar\u0131n\u0131n bulundu\u011fu alanda planlanan a\u00e7\u0131k oto pazar\u0131 i\u00e7in Alanya Belediyesi\u2019ne yap\u0131lan m\u00fcracaat\u0131n sonu\u00e7lar\u0131 g\u00f6r\u00fc\u015f\u00fcld\u00fc.      S\u00f6z konusu alanda a\u00e7\u0131k oto pazar\u0131 kurulmas\u0131n\u0131n Alanya Belediyesi taraf\u0131ndan uygun g\u00f6r\u00fclmedi\u011fine dair odam\u0131za ula\u015fan yaz\u0131 \u00fczerine yeni ve uygun yerlerin aray\u0131\u015f\u0131na ba\u015flanmas\u0131 fikri benimsendi.      ALTSO Y\u00f6netim Kurulu Ba\u015fkan\u0131 Kerim Aydo\u011fan, &#8216;S\u0131f\u0131r otomobil Piyasas\u0131&#8217;ndaki durgunluk nedeniyle ikinci el otomobillerin daha rahat sat\u0131labilmesi i\u00e7in\u00a0 halk\u0131n ve galerici esnaf\u0131n bizden belediye ile g\u00f6r\u00fc\u015fme i\u00e7ine girilerek a\u00e7\u0131k oto pazar\u0131 kurulmas\u0131 talebi oldu. Burada amac\u0131m\u0131z daha rahat ticaretin sa\u011flamas\u0131 ve \u00e7evre oto pazarlar\u0131na gitme zorunlulu\u011fu olmamas\u0131 temel d\u00fc\u015f\u00fcncedir. Alanya&#8217;da belli bir g\u00fcn oto pazar\u0131 kurulmas\u0131 i\u00e7in bizden\u00a0 istenen yer i\u00e7in belediyeye ba\u015fvuruda bulunduk. Yer i\u00e7in arkada\u015flar\u0131m\u0131z Gazipa\u015fa Dolmu\u015f duraklar\u0131n\u0131n bulundu\u011fu alan\u0131 ilk s\u00fcre\u00e7te uygun g\u00f6rd\u00fc. Bu anlamda giri\u015fimleri ba\u015flatt\u0131k. Yer konusunda ilk talebimiz kabul edilmedi. Ancak ara\u015ft\u0131rmalar\u0131m\u0131z s\u00fcrecek. Uygun yerler bularak yeniden belediyeye ba\u015fvuru yapaca\u011f\u0131z\u201d dedi.<\/p>\n","protected":false},"excerpt":{"rendered":"<p>ODAMIZDA G\u00dcNDEM &#8216;A\u00c7IK OTO PAZARI&#8217; Odam\u0131z\u00a0 taraf\u0131ndan ikinci el otomobil piyasas\u0131n\u0131n canlanmas\u0131 i\u00e7in yap\u0131lan \u00e7al\u0131\u015fmalar devam ediyor. Bu ama\u00e7la 10 \u015eubat 2009 g\u00fcn\u00fc Odam\u0131z Y\u00f6netimi,\u00a0 14. Meslek Grubu \u00fcyeleri ile il\u00e7emizde a\u00e7\u0131k oto pazar\u0131 kurulmas\u0131 i\u00e7in y\u00fcr\u00fct\u00fclen \u00e7al\u0131\u015fmalar de\u011ferlendirdi.<\/p>\n","protected":false},"author":1,"featured_media":3325,"comment_status":"closed","ping_status":"closed","sticky":false,"template":"","format":"standard","meta":{"footnotes":""},"categories":[1],"tags":[],"class_list":["post-3324","post","type-post","status-publish","format-standard","has-post-thumbnail","hentry","category-genel"],"_links":{"self":[{"href":"https:\/\/www.altso.org.tr\/en\/wp-json\/wp\/v2\/posts\/3324","targetHints":{"allow":["GET"]}}],"collection":[{"href":"https:\/\/www.altso.org.tr\/en\/wp-json\/wp\/v2\/posts"}],"about":[{"href":"https:\/\/www.altso.org.tr\/en\/wp-json\/wp\/v2\/types\/post"}],"author":[{"embeddable":true,"href":"https:\/\/www.altso.org.tr\/en\/wp-json\/wp\/v2\/users\/1"}],"replies":[{"embeddable":true,"href":"https:\/\/www.altso.org.tr\/en\/wp-json\/wp\/v2\/comments?post=3324"}],"version-history":[{"count":0,"href":"https:\/\/www.altso.org.tr\/en\/wp-json\/wp\/v2\/posts\/3324\/revisions"}],"wp:featuredmedia":[{"embeddable":true,"href":"https:\/\/www.altso.org.tr\/en\/wp-json\/wp\/v2\/media\/3325"}],"wp:attachment":[{"href":"https:\/\/www.altso.org.tr\/en\/wp-json\/wp\/v2\/media?parent=3324"}],"wp:term":[{"taxonomy":"category","embeddable":true,"href":"https:\/\/www.altso.org.tr\/en\/wp-json\/wp\/v2\/categories?post=3324"},{"taxonomy":"post_tag","embeddable":true,"href":"https:\/\/www.altso.org.tr\/en\/wp-json\/wp\/v2\/tags?post=3324"}],"curies":[{"name":"wp","href":"https:\/\/api.w.org\/{rel}","templated":true}]}}