{"id":3427,"date":"2009-04-16T18:32:11","date_gmt":"2009-04-16T15:32:11","guid":{"rendered":"http:\/\/www.altso.org.tr\/genel\/antalya-ticaret-borsasi%c2%92ndan-nezaket-ziyareti\/"},"modified":"2009-04-16T18:32:11","modified_gmt":"2009-04-16T15:32:11","slug":"antalya-ticaret-borsasi%c2%92ndan-nezaket-ziyareti","status":"publish","type":"post","link":"https:\/\/www.altso.org.tr\/en\/genel\/antalya-ticaret-borsasi%c2%92ndan-nezaket-ziyareti\/","title":{"rendered":"ANTALYA T\u0130CARET BORSASI\u0092NDAN NEZAKET Z\u0130YARET\u0130"},"content":{"rendered":"<p><strong>ANTALYA T\u0130CARET BORSASI ODAMIZI Z\u0130YARET ETT\u0130<\/strong>      Antalya Ticaret Borsas\u0131 Y\u00f6netimi, Odam\u0131z y\u00f6netim kurulunu ziyaret ederek b\u00f6lgesel i\u015fbirli\u011fi konular\u0131nda g\u00f6r\u00fc\u015f al\u0131\u015fveri\u015finde bulundu. Antalya Borsa Ba\u015fkan\u0131 Ali \u00e7and\u0131r ve Odam\u0131z Meclis Ba\u015fkan\u0131 Mustafa Tuna, yeni d\u00f6nemde s\u0131k s\u0131k bir araya gelerek m\u00fc\u015fterekler konusunda ortak hareket etme karar\u0131 ald\u0131lar.<\/p>\n<div class=\"clearfix\"><\/div>\n<div class=\"spacer\"><\/div>\n<p>Antalya Ticaret Borsas\u0131 Y\u00f6netim Kurulu Ba\u015fkan\u0131 Ali \u00c7and\u0131r, Meclis Ba\u015fkan\u0131 H\u00fcseyin Cahit Kayan ve y\u00f6netim kurulu \u00fcyeleri bug\u00fcn Alanya Ticaret ve Sanayi Odas\u0131\u2019na nezaket ziyaretinde bulundular. Ziyarette iki odan\u0131n yeni d\u00f6nemde m\u00fc\u015fterek \u00e7al\u0131\u015fmalar yaparak b\u00f6lgesel g\u00fc\u00e7birli\u011fine katk\u0131da bulunma fikri benimsendi.<\/p>\n<p>  Ziyarete ili\u015fkin bir a\u00e7\u0131klama yapan ALTSO Meclis Ba\u015fkan\u0131 Mustafa Tuna, Antalya\u2019da bulunan t\u00fcm oda ve borsalar\u0131n y\u00f6netimiyle uyum i\u00e7inde bir \u00e7al\u0131\u015fma d\u00f6nemi ge\u00e7irmeyi hedeflediklerini belirterek bu gibi bulu\u015fmalar\u0131 s\u0131k s\u0131k yapacaklar\u0131 mesaj\u0131n\u0131 verdi.<\/p>\n<p>  Antalya Ticaret Borsas\u0131 Ba\u015fkan\u0131 Ali \u00c7and\u0131r da, Alanya\u2019n\u0131n mevcut potansiyelinin hi\u00e7 de k\u00fc\u00e7\u00fcmsenmeyecek boyutta oldu\u011funu ve \u00fclkemizdeki bir\u00e7ok vilayetten daha g\u00fc\u00e7l\u00fc bir yap\u0131s\u0131 oldu\u011funu belirtirken, Antalya B\u00f6lgesindeki t\u00fcm oda ve borsalar\u0131n birbirinin g\u00fcc\u00fcnden yararlanarak ortak \u00e7al\u0131\u015fmalar yap\u0131lmas\u0131n\u0131n \u00f6nemine dikkat \u00e7ekti.<\/p>\n","protected":false},"excerpt":{"rendered":"<p>ANTALYA T\u0130CARET BORSASI ODAMIZI Z\u0130YARET ETT\u0130 Antalya Ticaret Borsas\u0131 Y\u00f6netimi, Odam\u0131z y\u00f6netim kurulunu ziyaret ederek b\u00f6lgesel i\u015fbirli\u011fi konular\u0131nda g\u00f6r\u00fc\u015f al\u0131\u015fveri\u015finde bulundu. Antalya Borsa Ba\u015fkan\u0131 Ali \u00e7and\u0131r ve Odam\u0131z Meclis Ba\u015fkan\u0131 Mustafa Tuna, yeni d\u00f6nemde s\u0131k s\u0131k bir araya gelerek m\u00fc\u015fterekler konusunda ortak hareket etme karar\u0131 ald\u0131lar.<\/p>\n","protected":false},"author":1,"featured_media":3432,"comment_status":"closed","ping_status":"closed","sticky":false,"template":"","format":"gallery","meta":{"footnotes":""},"categories":[1],"tags":[],"class_list":["post-3427","post","type-post","status-publish","format-gallery","has-post-thumbnail","hentry","category-genel","post_format-post-format-gallery"],"_links":{"self":[{"href":"https:\/\/www.altso.org.tr\/en\/wp-json\/wp\/v2\/posts\/3427","targetHints":{"allow":["GET"]}}],"collection":[{"href":"https:\/\/www.altso.org.tr\/en\/wp-json\/wp\/v2\/posts"}],"about":[{"href":"https:\/\/www.altso.org.tr\/en\/wp-json\/wp\/v2\/types\/post"}],"author":[{"embeddable":true,"href":"https:\/\/www.altso.org.tr\/en\/wp-json\/wp\/v2\/users\/1"}],"replies":[{"embeddable":true,"href":"https:\/\/www.altso.org.tr\/en\/wp-json\/wp\/v2\/comments?post=3427"}],"version-history":[{"count":0,"href":"https:\/\/www.altso.org.tr\/en\/wp-json\/wp\/v2\/posts\/3427\/revisions"}],"wp:featuredmedia":[{"embeddable":true,"href":"https:\/\/www.altso.org.tr\/en\/wp-json\/wp\/v2\/media\/3432"}],"wp:attachment":[{"href":"https:\/\/www.altso.org.tr\/en\/wp-json\/wp\/v2\/media?parent=3427"}],"wp:term":[{"taxonomy":"category","embeddable":true,"href":"https:\/\/www.altso.org.tr\/en\/wp-json\/wp\/v2\/categories?post=3427"},{"taxonomy":"post_tag","embeddable":true,"href":"https:\/\/www.altso.org.tr\/en\/wp-json\/wp\/v2\/tags?post=3427"}],"curies":[{"name":"wp","href":"https:\/\/api.w.org\/{rel}","templated":true}]}}