{"id":6692,"date":"2015-10-14T14:35:33","date_gmt":"2015-10-14T11:35:33","guid":{"rendered":"http:\/\/www.altso.org.tr\/genel\/altso-sektor-toplantilari-devam-ediyor\/"},"modified":"2015-10-14T14:35:33","modified_gmt":"2015-10-14T11:35:33","slug":"altso-sektor-toplantilari-devam-ediyor","status":"publish","type":"post","link":"https:\/\/www.altso.org.tr\/en\/genel\/altso-sektor-toplantilari-devam-ediyor\/","title":{"rendered":"ALTSO SEKT\u00d6R TOPLANTILARI DEVAM ED\u0130YOR"},"content":{"rendered":"<p><strong>\u0130N\u015eAAT\u00c7ILARIN B\u00dcY\u00dcK BULU\u015eMASI<br \/>  <\/strong><br \/>  Alanya Ticaret ve Sanayi Odas\u0131, her hafta farkl\u0131 meslek komiteleriyle yap\u0131lan isti\u015fare toplant\u0131lar\u0131na in\u015faat sekt\u00f6r gurubu ile devam etti. 14 Ekim 2015 g\u00fcn\u00fc ger\u00e7ekle\u015fen toplant\u0131ya D\u0131\u015fi\u015fleri Eski Bakan\u0131 Mevl\u00fct \u00c7avu\u015fo\u011flu\u2019da kat\u0131larak sekt\u00f6r\u00fcn sorunlar\u0131, g\u00f6r\u00fc\u015f ve \u00f6nerilerini dinledi.<\/p>\n<div class=\"clearfix\"><\/div>\n<div class=\"spacer\"><\/div>\n<p>  Bakan \u00c7avu\u015fo\u011flu\u2019nun \u00e7ok say\u0131da m\u00fcjdeyi de verdi\u011fi toplant\u0131ya sekt\u00f6r temsilcileri yo\u011fun ilgi g\u00f6sterdi. ALTSO Ba\u015fkan\u0131 Mehmet \u015eahin ise kendisinin ve y\u00f6netim kurulunda 2 ba\u015fkan yard\u0131mc\u0131s\u0131n\u0131n in\u015faat sekt\u00f6r temsilcisi olarak y\u00f6netimde yer ald\u0131\u011f\u0131n\u0131 hat\u0131rlatarak sekt\u00f6r\u00fcn sorunlar\u0131n\u0131 yak\u0131ndan takip ettiklerini s\u00f6yledi     <strong>\u00c7AVU\u015eO\u011eLU;\u201dPROJELER\u0130M\u0130Z\u0130 ALTSO\u2019DA ANLATIYORUZ\u201d<\/strong><br \/>  D\u0131\u015fi\u015fleri Eski Bakan\u0131 Mevl\u00fct \u00c7avu\u015fo\u011flu da, ger\u00e7ekle\u015fen hizmetlerin kamuoyuna duyurulmas\u0131 i\u00e7in Alanya Ticaret ve Sanayi Odas\u0131 toplant\u0131lar\u0131n\u0131 tercih etti\u011fini belirterek, \u201cBen de\u011fil biz yapt\u0131k. Bu nedenle ger\u00e7ekle\u015fen projeleri ilk \u00f6nce Alanya i\u015f d\u00fcnyas\u0131 ile payla\u015ft\u0131m ve bundan sonra da b\u00f6yle olacak. Sizlerle Alanya Ticaret ve Sanayi Odas\u0131 \u00e7at\u0131s\u0131 alt\u0131nda bulu\u015fmaya devam edece\u011fiz dedi.      <strong>DO\u011eALGAZ M\u00dcJDES\u0130<\/strong><br \/>  Bakan \u00c7avu\u015fo\u011flu konu\u015fmas\u0131nda Alanya Ticaret ve Sanayi Odas\u0131 taraf\u0131ndan y\u00fcr\u00fct\u00fclen projelere de de\u011findi. Do\u011falgaz\u2019\u0131n Alanya\u2019ya gelmesi i\u00e7in ALTSO \u00f6nc\u00fcl\u00fc\u011f\u00fcnde ba\u015flayan imza kampanyas\u0131n\u0131 hat\u0131rlatan Bakan \u00c7avu\u015fo\u011flu, \u201cAlanya\u2019ya bir istisna yapaca\u011f\u0131z. Abone olmak kayd\u0131yla para \u00f6denmesi ilkesi yerine imza ile bu i\u015fi \u00e7\u00f6zece\u011fiz. ALTSO Ba\u015fkan\u0131 bu konuda \u00e7ok ciddi bir ba\u015far\u0131 sa\u011flad\u0131. Tam 9, Bin imza haz\u0131rlayarak Enerji ve Tabi Kaynaklar Bakan\u0131m\u0131za sundular. Bu projeden Manavgat da yararlanacak. \u00d6nem veriyoruz. Ucuz ve kaliteli enerjinin b\u00f6lgemizde yayg\u0131nla\u015fmas\u0131 i\u00e7in elimizden geleni yapaca\u011f\u0131z\u201d dedi.          <br \/>  <strong>G\u00d6Z \u0130DARES\u0130 ALANYA OF\u0130S\u0130 HAFTAYA<\/strong><br \/>  ALTSO\u2019nun giri\u015fimleri ile ba\u015flayan bir s\u00fcrecin daha sonuna geldiklerine i\u015faret eden \u00c7avu\u015fo\u011flu, il\u00e7emizde bulunan yabanc\u0131 uyruklular\u0131n sorunlar\u0131n\u0131 birinci elden \u00e7\u00f6zmek amac\u0131yla Alanya\u2019da G\u00f6\u00e7 \u0130daresi Ofisi a\u00e7\u0131yoruz. Gelecek hafta ofis hizmete girecek. \u015eimdiden hay\u0131rl\u0131 olsun\u201d dedi.<br \/>  Yine ALTSO\u2019nun projelerinden olan Rus vatanda\u015flar\u0131n\u0131n \u00fclkemize n\u00fcfus c\u00fczdan\u0131 ile girmesi uygulamas\u0131n\u0131n tamamlanma a\u015famas\u0131nda oldu\u011funu dile getiren \u00c7avu\u015fo\u011flu, \u201cG\u00fcrcistan ile yapt\u0131\u011f\u0131m\u0131z uygulaman\u0131n ayn\u0131s\u0131n\u0131 Rusya i\u00e7in de uygulayaca\u011f\u0131z. Biz \u00fclke olarak bu konuda giri\u015fimlerde bulunduk. Rusya\u2019dan cevap bekliyoruz. Bu sayede Ruslar\u0131n \u00fclkemize olan ilgisini artaca\u011f\u0131n\u0131 d\u00fc\u015f\u00fcn\u00fcyoruz\u201d dedi.     <strong>\u201cE-V\u0130ZE SORUNUNU ORTADAN KALDIRACA\u011eIZ\u201d<\/strong><br \/>  T\u00fcrkiye\u2019de sadece 3 havaliman\u0131nda uygulanmas\u0131 nedeniyle uygulaman\u0131n olmad\u0131\u011f\u0131 havalimanlar\u0131nda krizlerin olmas\u0131na neden olan e-vize uygulamas\u0131n\u0131n Alanya-Gazipa\u015fa Havaliman\u0131\u2019nda da uygulamaya konulaca\u011f\u0131n\u0131 m\u00fcjdeleyen \u00c7avu\u015fo\u011flu, \u201cBir\u00e7ok yabanc\u0131 yat\u0131r\u0131mc\u0131 veya turist e-vize uygulamas\u0131 olmad\u0131\u011f\u0131 i\u00e7in havalimanlar\u0131nda \u00e7oluk \u00e7ocuk mahsur kal\u0131p \u00fclkesine d\u00f6nmek zorunda kal\u0131yordu. Ge\u00e7ti\u011fimiz g\u00fcnlerde Alanya-Gazipa\u015fa Havaliman\u0131\u2019nda da bir yat\u0131r\u0131mc\u0131 kalabal\u0131k ailesi ile havaliman\u0131nda mahsur kald\u0131. Kendisine 2 g\u00fcn sonraki d\u00f6n\u00fc\u015f u\u00e7a\u011f\u0131na kadar havaliman\u0131nda kalmas\u0131 gerekti\u011fi bildirildi. ALTSO Ba\u015fkan\u0131m\u0131z\u0131n konuyu bana intikal ettirmesi \u00fczerine bu aileyi \u00fclkemize soktuk. Bundan sonra da b\u00f6yle ma\u011fduriyetler ya\u015fanmayacak. Gerekli \u00e7al\u0131\u015fmalar\u0131 ba\u015flatt\u0131k\u201d m\u00fcjdesini verdi.      Bakan \u00c7avu\u015fo\u011flu, yine ALTSO\u2019nun projeleri aras\u0131nda yer alan Akda\u011f Kayak Merkezi, Sanayi sitesi ve hal projelerinin de takiplerinde oldu\u011funu belirtirken, in\u015faat sekt\u00f6r\u00fcn\u00fcn \u00f6n\u00fcn\u00fc a\u00e7acak planlamalar\u0131n s\u00fcrd\u00fc\u011f\u00fcne i\u015faret etti.          <br \/>  <strong>\u015eAH\u0130N: \u201c\u00c7AVU\u015eO\u011eLU \u00dcLKEM\u0130Z\u0130N GURURU\u201d<\/strong><br \/>  Hayata ge\u00e7irdikleri projelerde g\u00fc\u00e7lerini \u00fcyelerden ald\u0131klar\u0131na i\u015faret eden ALTSO Ba\u015fkan\u0131 Mehmet \u015eahin ise, AKPM Ba\u015fkanl\u0131\u011f\u0131, AB Bakanl\u0131\u011f\u0131 ve D\u0131\u015fi\u015fleri Bakanl\u0131\u011f\u0131 yapan Mevl\u00fct \u00c7avu\u015fo\u011flu\u2019nun en b\u00fcy\u00fck \u015fanslar\u0131 oldu\u011funun alt\u0131n\u0131 \u00e7izdi. \u201cSay\u0131n \u00c7avu\u015fo\u011flu Alanya\u2019n\u0131n gururudur\u201d diyen \u015eahin, \u201cBug\u00fcn devlet protokol\u00fcnde Cumhurba\u015fkan\u0131 ve Ba\u015fbakandan sonra en \u00f6nemli noktada olan Say\u0131n \u00c7avu\u015fo\u011flu, sayesinde b\u00f6lgemizin hizmete doydu\u011funu s\u00f6yledi. \u00dcyelerden gelen sorunlar\u0131 ve \u00e7\u00f6z\u00fcm \u00f6nerileri \u00c7avu\u015fo\u011flu\u2019na aktard\u0131klar\u0131n\u0131 s\u00f6yleyen ALTSO Ba\u015fkan\u0131, \u201cSa\u011folsun Say\u0131n Bakan\u0131m\u0131z en yo\u011fun oldu\u011fu d\u00f6nemde bile bizleri dinledi ve \u00e7\u00f6z\u00fcm \u00fcretti. Kendisine m\u00fcte\u015fekkiriz\u201d diye konu\u015ftu.\u00a0     ALTSO Y\u00f6netim Kurulu \u00fcyelerinin yan\u0131 s\u0131ra, SGK \u0130l\u00e7e M\u00fcd\u00fcr\u00fc Halil Murat Uyar, Tar\u0131m \u0130l\u00e7e M\u00fcd\u00fcr\u00fc Mehmet R\u00fczgar, Vergi Dairesi M\u00fcd\u00fcr\u00fc Nag\u0131p Karaku\u015f\u2019un kat\u0131ld\u0131\u011f\u0131 toplant\u0131da\u00a0 ALTSO Ba\u015fkan\u0131 Mehmet \u015eahin, Oda y\u00f6netim kurulu faaliyetleri hakk\u0131nda bilgi verdi. \u015eahin, \u00fcye odakl\u0131 projelere \u00f6nem verdiklerine dikkat \u00e7ekti.          <br \/>  <strong>BETON F\u0130YATLARI KONU\u015eULDU<\/strong><br \/>  Toplant\u0131da, \u00fcyelerin taleplerini alan Ba\u015fkan \u015eahin, ALTSO y\u00f6netimi olarak sorunlar\u0131n \u00e7\u00f6z\u00fcm\u00fc konusunda ellerinden gelen gayreti g\u00f6stereceklerini ifade etti. \u015eahin, \u201cBiz bu isti\u015fare toplant\u0131lar\u0131n\u0131 \u00fcyelerimizin sorunlar\u0131n\u0131 dinlemek, onlar\u0131n taleplerini almak i\u00e7in d\u00fczenliyoruz\u201d dedi. Haz\u0131r beton konusunda Alanya\u2019ya \u00e7ifte standart uygulayan bir tekelle\u015fme oldu\u011funun alt\u0131n\u0131 \u00e7izen \u015eahin, Antalya\u2019da metrek\u00fcp\u00fc 90 TL olan betonun Alanya\u2019da 150 TL ye sat\u0131ld\u0131\u011f\u0131n\u0131 dile getirdi. Bu konuda daha \u00f6nce yapt\u0131klar\u0131 giri\u015fimleri hat\u0131rlatan \u015eahin, \u201cB\u00f6lgemizde 6 beton santralinin 4\u2019\u00fc bir ki\u015finin\u2026 Biz s\u0131rf bu i\u015f i\u00e7in Bucak\u2019a gittik ve b\u00f6lgenin en b\u00fcy\u00fck beton firmas\u0131n\u0131n sahibi ile g\u00f6r\u00fc\u015ft\u00fck. Sadece 1 ay indirim yapt\u0131 ve sonra tekrar fiyatlar\u0131 y\u00fckseltti. Haks\u0131z rekabet ile kar\u015f\u0131 kar\u015f\u0131ya oldu\u011fumuzu g\u00f6r\u00fcnce Rekabet Kuruluna ba\u015fvurduk. Burada 2 \u00fcye bizi hakl\u0131 bulurken di\u011fer \u00fcyeler olumsuz oy kulland\u0131. Ama biz bu i\u015fin pe\u015fini b\u0131rakmayaca\u011f\u0131z. Gerekirse Alanya\u2019da sekt\u00f6r temsilcileri ile bir araya gelip bir beton santrali bile kurar\u0131z\u201d dedi.     <strong>ALANYA DEVLET \u00dcN\u0130VERS\u0130TES\u0130<\/strong><br \/>  Alanya Keykubat \u00dcniversitesi\u2019nin il\u00e7emize sosyal ve ekonomik olarak b\u00fcy\u00fck katk\u0131lar\u0131n\u0131n olaca\u011f\u0131n\u0131 \u00fcyelere aktaran Ba\u015fkan \u015eahin, &#8220;Cumhurba\u015fkan\u0131m\u0131z Recep Tayyip Erdo\u011fan, Ba\u015fbakan\u0131m\u0131z Prof. Dr. Ahmet Davuto\u011flu ve D\u0131\u015fi\u015fleri Eski Bakan\u0131m\u0131z Mevl\u00fct \u00c7avu\u015fo\u011flu ba\u015fta olmak \u00fczere devlet \u00fcniversitemiz konusunda eme\u011fi ge\u00e7en herkese \u015f\u00fckranlar\u0131m\u0131 sunar\u0131m&#8221; dedi.          <br \/>  <strong>\u015eAH\u0130N: \u201cKAL\u0130F\u0130YE ELEMAN YET\u0130\u015eT\u0130RECE\u011e\u0130Z\u201d<\/strong><br \/>  Alanya Ticaret ve Sanayi Odas\u0131 taraf\u0131ndan yap\u0131lacak ALTSO Turizm Meslek Y\u00fcksekokulu arazisinde hafriyat \u00e7al\u0131\u015fmalar\u0131 ba\u015flad\u0131\u011f\u0131n\u0131 aktaran Ba\u015fkan \u015eahin, \u201cD\u0131\u015fi\u015fleri Bakan\u0131m\u0131z Mevl\u00fct \u00c7avu\u015fo\u011flu ve Alanya Belediye Ba\u015fkan\u0131m\u0131z Adem Murat Y\u00fccel\u2019le ikili g\u00f6r\u00fc\u015fmelerimiz sonras\u0131nda turizmcilerimize ara eleman yeti\u015ftirebilmek i\u00e7in Turizm Meslek Y\u00fcksekokulu yapma karar\u0131 alm\u0131\u015ft\u0131k. Okulumuzda ge\u00e7ti\u011fimiz ay hafriyat \u00e7al\u0131\u015fmalar\u0131 ba\u015flad\u0131. \u00d6nemli ilerleme kaydettik. \u0130n\u015fallah, Allah izin verirse 2016 y\u0131l\u0131n\u0131n Eyl\u00fcl ay\u0131na y\u00fcksekokulumuzu a\u00e7m\u0131\u015f olaca\u011f\u0131z\u201d dedi.     <br \/>  <strong>\u015eAH\u0130N: \u201cK\u00dc\u00c7\u00dcK ESNAFIN B\u00dcY\u00dcK DERD\u0130NE ORTAK OLALIM\u201d<\/strong><br \/>  ALTSO \u00fcyelerinin ekonomik durumu konusunda her t\u00fcrl\u00fc \u00e7al\u0131\u015fmaya g\u00f6reve geldikleri g\u00fcnden bu yana yapt\u0131klar\u0131n\u0131 belirten Ba\u015fkan \u015eahin, \u201cK\u00fc\u00e7\u00fck esnaf\u0131m\u0131z\u0131 korumak ve onlara destek olmak ad\u0131na ilkini ge\u00e7ti\u011fimiz y\u0131l yapt\u0131\u011f\u0131m\u0131z \u2018K\u0131rtasiye, K\u0131rtasiyeciden Al\u0131n\u0131r\u2019 slogan\u0131 ile d\u00fczenledi\u011fimiz kampanyam\u0131z\u0131 bu sene daha da geni\u015flettik. Bu kapsamda b\u00fct\u00fcn sekt\u00f6rleri kapsayacak \u015fekilde bir fark\u0131ndal\u0131k olu\u015fturmak amac\u0131yla, \u2018K\u00fc\u00e7\u00fck Esnaf\u0131n B\u00fcy\u00fck Derdine Ortak Olal\u0131m\u2019 slogan\u0131yla yeni bir kampanya ba\u015flatt\u0131k\u201d dedi.          <br \/>  <strong>HEDEF 50 B\u0130N SERT\u0130F\u0130KA<\/strong><br \/>  T\u00fcrkler Mahallesi\u2019ne ALTSO \u00f6nc\u00fcl\u00fc\u011f\u00fcnde yap\u0131lacak olan toptanc\u0131 hali projesinde b\u00fcy\u00fck a\u015fama kaydettiklerini vurgulayan Ba\u015fkan \u015eahin, Alanya\u2019ya modern bir hal kazand\u0131racaklar\u0131n\u0131 ifade etti. AKDA\u011e Kayak Merkezi\u2019ne de de\u011finen \u015eahin, bu konunun da takip\u00e7isi olduklar\u0131n\u0131 s\u00f6yledi. <br \/>  ALTSO Akademi\u2019nin 2015 y\u0131l\u0131 2. D\u00f6nem Ki\u015fisel Geli\u015fim Seminerlerinin ba\u015flad\u0131\u011f\u0131n\u0131 ve 10 Ekim Cumartesi g\u00fcn\u00fc ilk e\u011fitimin verilece\u011fini ifade eden Ba\u015fkan \u015eahin, ALTSO y\u00f6netimi olarak hedeflerinin g\u00f6rev s\u00fcresi boyunca toplamda 50 bin ki\u015fiye sertifika vermek oldu\u011funu dile getirdi.     <strong>\u015eAH\u0130N: \u201cTANITIMA B\u00dcY\u00dcK \u00d6NEM VER\u0130YORUZ\u201d<\/strong><br \/>  ALTSO Y\u00f6netimi olarak Alanya\u2019n\u0131n tan\u0131t\u0131m\u0131 i\u00e7in \u00f6nemli ad\u0131mlar att\u0131klar\u0131n\u0131 dile getiren Ba\u015fkan \u015eahin, yurt d\u0131\u015f\u0131nda ger\u00e7ekle\u015ftirilen fuarlara i\u015f gezileri d\u00fczenlediklerini s\u00f6yledi. Online tan\u0131t\u0131m i\u00e7in de \u00e7al\u0131\u015fmalar y\u00fcr\u00fctt\u00fcklerini ifade eden \u015eahin, Finlandiya\u2019n\u0131n Fox TV kanal\u0131nda Alanya\u2019da ya\u015fayan Finlandiyal\u0131lar\u0131n konu al\u0131nd\u0131\u011f\u0131 bir dizinin de yay\u0131nland\u0131\u011f\u0131n\u0131 s\u00f6yledi.          <br \/>  <strong>\u015eAH\u0130N: \u201cSORUNLARA \u00c7\u00d6Z\u00dcM \u00dcRET\u0130YORUZ\u201d<\/strong><br \/>  \u015eahin, ALTSO y\u00f6netimi olarak her zaman \u00fcyelerle birlikte olacaklar\u0131n\u0131 ifade ederek, \u201c\u00dcyelerimizin sorunlar\u0131n\u0131 dinleyip \u00e7\u00f6z\u00fcm \u00fcretiyoruz ve \u00fcretmeye de devam edece\u011fiz. Bu kapsamda ALTSO-Ankara irtibat ofisini \u00fcyelerimizin hizmetine a\u00e7t\u0131k. Bundan ayr\u0131 olarak odam\u0131z b\u00fcnyesinde hukuk ofisimizi a\u00e7t\u0131k. Her \u00c7ar\u015famba ve Cuma g\u00fcnleri ALTSO \u00fcyelerine hukuk dan\u0131\u015fmanl\u0131\u011f\u0131 hizmeti veriliyor. ALTSO y\u00f6netimi olarak odam\u0131za bir de cenaze arabas\u0131 kazand\u0131rd\u0131k. Bunu oda b\u00fct\u00e7esinden tek kuru\u015f \u00e7\u0131kmadan, y\u00f6netim kurulunda bulunan arkada\u015flar\u0131m\u0131z\u0131n deste\u011fiyle \u00fcyelerimizin hizmetine sunduk\u201d dedi. <\/p>\n<p>  \u00dcye aidatlar\u0131 konusunda da \u00f6nemli bilgiler payla\u015fan \u015eahin, \u00fcye aidatlar\u0131na zam yapmad\u0131klar\u0131n\u0131 belirterek, \u201cALTSO b\u00fcnyesinde kullan\u0131lan internet, sms ve telefon \u00fccretlerinde yeni d\u00fczenlemeler yapt\u0131k. Yeni anla\u015fmalar neticesinde odan\u0131n b\u00fct\u00e7esine yans\u0131yan y\u00fck\u00fc hafiflettik. Yakla\u015f\u0131k y\u00fczde 30-40 oran\u0131nda rakamlarda para odam\u0131z\u0131n b\u00fct\u00e7esinde kald\u0131\u201d diye konu\u015ftu.<br \/>  \u015eahin\u2019in konu\u015fmas\u0131n\u0131n ard\u0131ndan kahvalt\u0131ya kat\u0131lan \u00fcyeler, ya\u015fad\u0131klar\u0131 s\u0131k\u0131nt\u0131lar\u0131 ve yap\u0131lmas\u0131n\u0131 istedikleri projeler konusunda s\u00f6z alarak, \u015eahin\u2019e ilettiler.     \u015eahin, \u00fcyelerden gelen istekleri tek tek not alarak, gereken \u00e7al\u0131\u015fmalar\u0131n yap\u0131laca\u011f\u0131n\u0131 s\u00f6yledi.      Sosyal medya, asistan servisi, vize ofisi ve sticker \u00e7al\u0131\u015fmalar\u0131 gibi konulara da de\u011finen \u015eahin, \u00fcyelerin istekleri do\u011frultusunda \u00e7al\u0131\u015fmalar yapt\u0131klar\u0131n\u0131 vurgulad\u0131.      \u00a0<\/p>\n","protected":false},"excerpt":{"rendered":"<p>\u0130N\u015eAAT\u00c7ILARIN B\u00dcY\u00dcK BULU\u015eMASI Alanya Ticaret ve Sanayi Odas\u0131, her hafta farkl\u0131 meslek komiteleriyle yap\u0131lan isti\u015fare toplant\u0131lar\u0131na in\u015faat sekt\u00f6r gurubu ile devam etti. 14 Ekim 2015 g\u00fcn\u00fc ger\u00e7ekle\u015fen toplant\u0131ya D\u0131\u015fi\u015fleri Eski Bakan\u0131 Mevl\u00fct \u00c7avu\u015fo\u011flu\u2019da kat\u0131larak sekt\u00f6r\u00fcn sorunlar\u0131, g\u00f6r\u00fc\u015f ve \u00f6nerilerini dinledi.<\/p>\n","protected":false},"author":1,"featured_media":6697,"comment_status":"closed","ping_status":"closed","sticky":false,"template":"","format":"gallery","meta":{"footnotes":""},"categories":[1],"tags":[],"class_list":["post-6692","post","type-post","status-publish","format-gallery","has-post-thumbnail","hentry","category-genel","post_format-post-format-gallery"],"_links":{"self":[{"href":"https:\/\/www.altso.org.tr\/en\/wp-json\/wp\/v2\/posts\/6692","targetHints":{"allow":["GET"]}}],"collection":[{"href":"https:\/\/www.altso.org.tr\/en\/wp-json\/wp\/v2\/posts"}],"about":[{"href":"https:\/\/www.altso.org.tr\/en\/wp-json\/wp\/v2\/types\/post"}],"author":[{"embeddable":true,"href":"https:\/\/www.altso.org.tr\/en\/wp-json\/wp\/v2\/users\/1"}],"replies":[{"embeddable":true,"href":"https:\/\/www.altso.org.tr\/en\/wp-json\/wp\/v2\/comments?post=6692"}],"version-history":[{"count":0,"href":"https:\/\/www.altso.org.tr\/en\/wp-json\/wp\/v2\/posts\/6692\/revisions"}],"wp:featuredmedia":[{"embeddable":true,"href":"https:\/\/www.altso.org.tr\/en\/wp-json\/wp\/v2\/media\/6697"}],"wp:attachment":[{"href":"https:\/\/www.altso.org.tr\/en\/wp-json\/wp\/v2\/media?parent=6692"}],"wp:term":[{"taxonomy":"category","embeddable":true,"href":"https:\/\/www.altso.org.tr\/en\/wp-json\/wp\/v2\/categories?post=6692"},{"taxonomy":"post_tag","embeddable":true,"href":"https:\/\/www.altso.org.tr\/en\/wp-json\/wp\/v2\/tags?post=6692"}],"curies":[{"name":"wp","href":"https:\/\/api.w.org\/{rel}","templated":true}]}}